{"id":34284,"date":"2018-06-05T20:32:30","date_gmt":"2018-06-05T23:32:30","guid":{"rendered":"https:\/\/eldiariodesanpedro.com.ar\/sitio\/?p=34284"},"modified":"2026-01-24T00:13:30","modified_gmt":"2026-01-24T03:13:30","slug":"atletismo-running-de-pescadores-en-diferentes-competencias","status":"publish","type":"post","link":"https:\/\/eldiariodesanpedro.com.ar\/sitio\/atletismo-running-de-pescadores-en-diferentes-competencias\/","title":{"rendered":"ATLETISMO: Running de Pescadores en diferentes competencias"},"content":{"rendered":"<p><!-- VideographyWP Plugin Message: Automatic video embedding prevented by plugin options. --><br \/>\n  Durante el fin de semana los Running con intensa actividad en diferentes puntos del pa\u00eds. Un equipo lo hizo en Rosario, otro en CABA y el restante en Santa Luc\u00eda, con el detalle que les brindamos a continuaci\u00f3n:<\/p>\n<p><strong>SANTA LUC\u00cdA<\/strong><br \/>\n  Viviana G\u00f3mez (Club Pescadores) se impuso en la general Damas del Duatl\u00f3n Cross San Pedro \u2013 2da Fecha Campeonato 2018 realizado en esa localidad con epicentro en el Campo Deportivo del Club Central C\u00f3rdoba, Santa Lucia, sobre una distancia de 5 km Run + 20 km MTB + 2.5 km Run.<\/p>\n<p><strong>ROSARIO<\/strong><br \/>\n  Fue en la 18\u00b0 edici\u00f3n de la Media Marat\u00f3n de Rosario, 21k, a pesar del fr\u00edo con muy buenos tiempos de nuestros atletas, siendo la misma una carrera preparatoria para los 42k D\u00eda de la Bandera.<br \/>\n  El chubutense Joaqu\u00edn Arbe y la tandilense Mar\u00eda Luj\u00e1n Urrutia se adjudicaron, en sus respectivas categor\u00edas, los 21K New Balance de Rosario que se disputaron con la organizaci\u00f3n y fiscalizaci\u00f3n de la Asociaci\u00f3n Rosarina de Atletismo.<\/p>\n<p><strong>CABA<\/strong><br \/>\n  River Plate organiz\u00f3 el \u201cMarat\u00f3n Monumental\u201d con motivo del \u201980\u00b0 aniversario del Monumental\u2019. Se corri\u00f3 sobre un circuito armado en los alrededores del Estadio, finalizando el \u00faltimo tramo en la m\u00edtica pista de atletismo.  <\/p>\n","protected":false},"excerpt":{"rendered":"<p>Durante el fin de semana los Running con intensa actividad en diferentes puntos del pa\u00eds. Un equipo lo hizo en Rosario, otro en CABA y el restante en Santa Luc\u00eda, con el detalle que les brindamos a continuaci\u00f3n: SANTA LUC\u00cdA Viviana G\u00f3mez (Club Pescadores) se impuso en la general Damas del Duatl\u00f3n Cross San Pedro [&hellip;]<\/p>\n","protected":false},"author":4,"featured_media":22998,"comment_status":"open","ping_status":"closed","sticky":false,"template":"","format":"standard","meta":{"om_disable_all_campaigns":false,"_jetpack_memberships_contains_paid_content":false,"footnotes":""},"categories":[5],"tags":[],"class_list":["post-34284","post","type-post","status-publish","format-standard","has-post-thumbnail","hentry","category-deportes"],"aioseo_notices":[],"gutentor_comment":0,"jetpack_featured_media_url":"https:\/\/eldiariodesanpedro.com.ar\/sitio\/wp-content\/uploads\/2017\/09\/maraton-atletismo.jpg","jetpack_shortlink":"https:\/\/wp.me\/p6RhLt-8UY","jetpack_sharing_enabled":true,"_links":{"self":[{"href":"https:\/\/eldiariodesanpedro.com.ar\/sitio\/wp-json\/wp\/v2\/posts\/34284","targetHints":{"allow":["GET"]}}],"collection":[{"href":"https:\/\/eldiariodesanpedro.com.ar\/sitio\/wp-json\/wp\/v2\/posts"}],"about":[{"href":"https:\/\/eldiariodesanpedro.com.ar\/sitio\/wp-json\/wp\/v2\/types\/post"}],"author":[{"embeddable":true,"href":"https:\/\/eldiariodesanpedro.com.ar\/sitio\/wp-json\/wp\/v2\/users\/4"}],"replies":[{"embeddable":true,"href":"https:\/\/eldiariodesanpedro.com.ar\/sitio\/wp-json\/wp\/v2\/comments?post=34284"}],"version-history":[{"count":2,"href":"https:\/\/eldiariodesanpedro.com.ar\/sitio\/wp-json\/wp\/v2\/posts\/34284\/revisions"}],"predecessor-version":[{"id":34287,"href":"https:\/\/eldiariodesanpedro.com.ar\/sitio\/wp-json\/wp\/v2\/posts\/34284\/revisions\/34287"}],"wp:featuredmedia":[{"embeddable":true,"href":"https:\/\/eldiariodesanpedro.com.ar\/sitio\/wp-json\/wp\/v2\/media\/22998"}],"wp:attachment":[{"href":"https:\/\/eldiariodesanpedro.com.ar\/sitio\/wp-json\/wp\/v2\/media?parent=34284"}],"wp:term":[{"taxonomy":"category","embeddable":true,"href":"https:\/\/eldiariodesanpedro.com.ar\/sitio\/wp-json\/wp\/v2\/categories?post=34284"},{"taxonomy":"post_tag","embeddable":true,"href":"https:\/\/eldiariodesanpedro.com.ar\/sitio\/wp-json\/wp\/v2\/tags?post=34284"}],"curies":[{"name":"wp","href":"https:\/\/api.w.org\/{rel}","templated":true}]}}