{"id":34281,"date":"2018-06-05T20:31:25","date_gmt":"2018-06-05T23:31:25","guid":{"rendered":"https:\/\/eldiariodesanpedro.com.ar\/sitio\/?p=34281"},"modified":"2026-01-24T00:13:30","modified_gmt":"2026-01-24T03:13:30","slug":"boxeo-kevin-espindola-pelea-el-viernes-en-la-fab-choque-revancha-con-leandro-robutti","status":"publish","type":"post","link":"https:\/\/eldiariodesanpedro.com.ar\/sitio\/boxeo-kevin-espindola-pelea-el-viernes-en-la-fab-choque-revancha-con-leandro-robutti\/","title":{"rendered":"BOXEO: Kevin Esp\u00edndola pelea el viernes en la FAB. Choque revancha con Leandro Robutti"},"content":{"rendered":"<p><!-- VideographyWP Plugin Message: Automatic video embedding prevented by plugin options. --><br \/>\n  El boxeador sampedrino categor\u00eda Pesado, combate el pr\u00f3ximo viernes en velada profesional que se llevar\u00e1 a cabo en la Federaci\u00f3n Argentina de Box (FAB) ubicada sobre la calle Castro Barros 75 de CABA.<\/p>\n<p>  Enfrentar\u00e1 a Leandro Daniel \u00abLa Bestia\u00bb Robutti; pelea preliminar del t\u00edtulo Sudamericano Mosca entre Agust\u00edn Gauto (Argentina) y Noel Aramburet Jr. (Venezuela). La cartelera contar\u00e1 con varios combates y ser\u00e1 transmitida por TV a trav\u00e9s de TyC Sports y su ciclo de Boxeo que cuenta con 25 a\u00f1os. Organiza OR Promotions. <\/p>\n<p>  Esp\u00edndola realizar\u00e1 su tercera presentaci\u00f3n como rentado (2-0-0, 1KO) y viene de ganar por KO en el round inicial a Nazareno Ricardo Dadario en el Club Talleres de Arroyo Seco. <\/p>\n<p>  Robutti har\u00e1 su octava presentaci\u00f3n (4-3-0, 3 KO), en su \u00faltima pelea sorprendi\u00f3 ganando por KO a un invicto, el cordob\u00e9s Ariel Esteban Bracamonte (6-1-0, 3 KO) en el centro Asturiano de Vicente L\u00f3pez.<\/p>\n<p>  Esp\u00edndola y Robutti ya se enfrentaron en un combate sin decisi\u00f3n llevado a cabo en el Club Obras Sanitarias de la Naci\u00f3n en CABA el 14 de octubre de 2017, d\u00eda del debut de Kevin.<\/p>\n","protected":false},"excerpt":{"rendered":"<p>El boxeador sampedrino categor\u00eda Pesado, combate el pr\u00f3ximo viernes en velada profesional que se llevar\u00e1 a cabo en la Federaci\u00f3n Argentina de Box (FAB) ubicada sobre la calle Castro Barros 75 de CABA. Enfrentar\u00e1 a Leandro Daniel \u00abLa Bestia\u00bb Robutti; pelea preliminar del t\u00edtulo Sudamericano Mosca entre Agust\u00edn Gauto (Argentina) y Noel Aramburet Jr. (Venezuela). [&hellip;]<\/p>\n","protected":false},"author":4,"featured_media":34283,"comment_status":"open","ping_status":"closed","sticky":false,"template":"","format":"standard","meta":{"om_disable_all_campaigns":false,"_jetpack_memberships_contains_paid_content":false,"footnotes":""},"categories":[5],"tags":[],"class_list":["post-34281","post","type-post","status-publish","format-standard","has-post-thumbnail","hentry","category-deportes"],"aioseo_notices":[],"gutentor_comment":0,"jetpack_featured_media_url":"https:\/\/eldiariodesanpedro.com.ar\/sitio\/wp-content\/uploads\/2018\/06\/Kevin-Esp\u00edndola-izquierda-con-el-campe\u00f3n-venezolano-Jos\u00e9-Larduet.jpg","jetpack_shortlink":"https:\/\/wp.me\/p6RhLt-8UV","jetpack_sharing_enabled":true,"_links":{"self":[{"href":"https:\/\/eldiariodesanpedro.com.ar\/sitio\/wp-json\/wp\/v2\/posts\/34281","targetHints":{"allow":["GET"]}}],"collection":[{"href":"https:\/\/eldiariodesanpedro.com.ar\/sitio\/wp-json\/wp\/v2\/posts"}],"about":[{"href":"https:\/\/eldiariodesanpedro.com.ar\/sitio\/wp-json\/wp\/v2\/types\/post"}],"author":[{"embeddable":true,"href":"https:\/\/eldiariodesanpedro.com.ar\/sitio\/wp-json\/wp\/v2\/users\/4"}],"replies":[{"embeddable":true,"href":"https:\/\/eldiariodesanpedro.com.ar\/sitio\/wp-json\/wp\/v2\/comments?post=34281"}],"version-history":[{"count":1,"href":"https:\/\/eldiariodesanpedro.com.ar\/sitio\/wp-json\/wp\/v2\/posts\/34281\/revisions"}],"predecessor-version":[{"id":34285,"href":"https:\/\/eldiariodesanpedro.com.ar\/sitio\/wp-json\/wp\/v2\/posts\/34281\/revisions\/34285"}],"wp:featuredmedia":[{"embeddable":true,"href":"https:\/\/eldiariodesanpedro.com.ar\/sitio\/wp-json\/wp\/v2\/media\/34283"}],"wp:attachment":[{"href":"https:\/\/eldiariodesanpedro.com.ar\/sitio\/wp-json\/wp\/v2\/media?parent=34281"}],"wp:term":[{"taxonomy":"category","embeddable":true,"href":"https:\/\/eldiariodesanpedro.com.ar\/sitio\/wp-json\/wp\/v2\/categories?post=34281"},{"taxonomy":"post_tag","embeddable":true,"href":"https:\/\/eldiariodesanpedro.com.ar\/sitio\/wp-json\/wp\/v2\/tags?post=34281"}],"curies":[{"name":"wp","href":"https:\/\/api.w.org\/{rel}","templated":true}]}}