{"id":34276,"date":"2018-06-05T20:28:32","date_gmt":"2018-06-05T23:28:32","guid":{"rendered":"https:\/\/eldiariodesanpedro.com.ar\/sitio\/?p=34276"},"modified":"2026-01-24T00:13:30","modified_gmt":"2026-01-24T03:13:30","slug":"basquet-la-actividad-de-los-equipos-locales-nautico-gano-sin-jugar","status":"publish","type":"post","link":"https:\/\/eldiariodesanpedro.com.ar\/sitio\/basquet-la-actividad-de-los-equipos-locales-nautico-gano-sin-jugar\/","title":{"rendered":"B\u00c1SQUET: La actividad de los equipos locales: N\u00e1utico gan\u00f3 sin jugar"},"content":{"rendered":"<p><!-- VideographyWP Plugin Message: Automatic video embedding prevented by plugin options. --><br \/>\n  Por la 10\u00b0 y ante\u00faltima fecha del Torneo de Divisiones Inferiores de la Asoc. Nicole\u00f1a de B\u00e1squet, el Club Atl\u00e9tico Mitre en su primera temporada en la misma, fue visitante de La Emilia. Se jug\u00f3 en Cebollitas, Pre Mini y Mini. <\/p>\n<p><em>Las dem\u00e1s categor\u00edas tuvieron los siguientes resultados:<\/em><br \/>\nU13: La Emilia 47 &#8211; 38 Mitre<br \/>\nU15: La Emilia 100 &#8211; 35 Mitre<br \/>\nU17: La Emilia 79 &#8211; 64 Mitre<br \/>\nU19: La Emilia 71 &#8211; 49 Mitre <\/p>\n<p>  Adem\u00e1s, la divisional U19 disput\u00f3 el partido postergado frente a Belgrano de San Nicol\u00e1s en donde cay\u00f3 por 71 a 50.<\/p>\n<p>  El pr\u00f3ximo s\u00e1bado 9 de junio, Mitre ser\u00e1 local por la \u00faltima fecha frente a Somisa \u00abB\u00bb en la categor\u00eda U15, ya que es la \u00fanica que presenta el conjunto nicole\u00f1o. Las dem\u00e1s categor\u00edas tendr\u00e1n descanso aguardando los cuadrangulares en todas las divisionales que, definir\u00e1n las posiciones finales del Torneo Apertura.<\/p>\n<p><strong>Maxi b\u00e1squet<\/strong><br \/>\n+45 de Mitre cay\u00f3 ante Paran\u00e1 de Z\u00e1rate 85 a 84 en tiempo adicionado en juego, partido correspondiente a la 4\u00b0 fecha de la zona \u00abA\u00bb de la Asociaci\u00f3n Z\u00e1rate-Campana (ABZC). Los Libres ganaron el s\u00e1bado como visitantes ante Belgrano de Z\u00e1rate por el certamen de la UTN Campana. <\/p>\n<p><strong>Club N\u00e1utico San Pedro<\/strong><br \/>\n  Por la Asociaci\u00f3n Z\u00e1rate-Campana (ABZC), primera divisi\u00f3n del \u00abCeleste\u00bb gan\u00f3 los puntos por no presentaci\u00f3n del rival (Universidad de Luj\u00e1n ya en la tarde avis\u00f3 a la Asociaci\u00f3n que no viajaba) en partido que se jugaba en el \u00abJos\u00e9 Geoghegan\u00bb. En la pr\u00f3xima ser\u00e1 visitante de tempestad de SADA.<br \/>\n  Las inferiores, fecha 11\u00b0 de la misma liga, jugaron con Sportivo de Pilar, obteniendo triunfos en U13 y 15 y sendas derrotas en U17 y 19. La pr\u00f3xima fecha ser\u00e1 con horarios a confirmar ante N\u00e1utico de Z\u00e1rate.<\/p>\n","protected":false},"excerpt":{"rendered":"<p>Por la 10\u00b0 y ante\u00faltima fecha del Torneo de Divisiones Inferiores de la Asoc. Nicole\u00f1a de B\u00e1squet, el Club Atl\u00e9tico Mitre en su primera temporada en la misma, fue visitante de La Emilia. Se jug\u00f3 en Cebollitas, Pre Mini y Mini. Las dem\u00e1s categor\u00edas tuvieron los siguientes resultados: U13: La Emilia 47 &#8211; 38 Mitre [&hellip;]<\/p>\n","protected":false},"author":4,"featured_media":6015,"comment_status":"open","ping_status":"closed","sticky":false,"template":"","format":"standard","meta":{"om_disable_all_campaigns":false,"_jetpack_memberships_contains_paid_content":false,"footnotes":""},"categories":[5],"tags":[],"class_list":["post-34276","post","type-post","status-publish","format-standard","has-post-thumbnail","hentry","category-deportes"],"aioseo_notices":[],"gutentor_comment":0,"jetpack_featured_media_url":"https:\/\/eldiariodesanpedro.com.ar\/sitio\/wp-content\/uploads\/2016\/07\/basquet-nautico.jpg","jetpack_shortlink":"https:\/\/wp.me\/p6RhLt-8UQ","jetpack_sharing_enabled":true,"_links":{"self":[{"href":"https:\/\/eldiariodesanpedro.com.ar\/sitio\/wp-json\/wp\/v2\/posts\/34276","targetHints":{"allow":["GET"]}}],"collection":[{"href":"https:\/\/eldiariodesanpedro.com.ar\/sitio\/wp-json\/wp\/v2\/posts"}],"about":[{"href":"https:\/\/eldiariodesanpedro.com.ar\/sitio\/wp-json\/wp\/v2\/types\/post"}],"author":[{"embeddable":true,"href":"https:\/\/eldiariodesanpedro.com.ar\/sitio\/wp-json\/wp\/v2\/users\/4"}],"replies":[{"embeddable":true,"href":"https:\/\/eldiariodesanpedro.com.ar\/sitio\/wp-json\/wp\/v2\/comments?post=34276"}],"version-history":[{"count":2,"href":"https:\/\/eldiariodesanpedro.com.ar\/sitio\/wp-json\/wp\/v2\/posts\/34276\/revisions"}],"predecessor-version":[{"id":34280,"href":"https:\/\/eldiariodesanpedro.com.ar\/sitio\/wp-json\/wp\/v2\/posts\/34276\/revisions\/34280"}],"wp:featuredmedia":[{"embeddable":true,"href":"https:\/\/eldiariodesanpedro.com.ar\/sitio\/wp-json\/wp\/v2\/media\/6015"}],"wp:attachment":[{"href":"https:\/\/eldiariodesanpedro.com.ar\/sitio\/wp-json\/wp\/v2\/media?parent=34276"}],"wp:term":[{"taxonomy":"category","embeddable":true,"href":"https:\/\/eldiariodesanpedro.com.ar\/sitio\/wp-json\/wp\/v2\/categories?post=34276"},{"taxonomy":"post_tag","embeddable":true,"href":"https:\/\/eldiariodesanpedro.com.ar\/sitio\/wp-json\/wp\/v2\/tags?post=34276"}],"curies":[{"name":"wp","href":"https:\/\/api.w.org\/{rel}","templated":true}]}}