{"id":34273,"date":"2018-06-05T20:26:44","date_gmt":"2018-06-05T23:26:44","guid":{"rendered":"https:\/\/eldiariodesanpedro.com.ar\/sitio\/?p=34273"},"modified":"2018-06-05T20:26:44","modified_gmt":"2018-06-05T23:26:44","slug":"ramallo-reincorporaron-a-los-trabajadores-del-senasa-despedidos","status":"publish","type":"post","link":"https:\/\/eldiariodesanpedro.com.ar\/sitio\/ramallo-reincorporaron-a-los-trabajadores-del-senasa-despedidos\/","title":{"rendered":"RAMALLO: Reincorporaron a los trabajadores del SENASA despedidos"},"content":{"rendered":"<p><!-- VideographyWP Plugin Message: Automatic video embedding prevented by plugin options. --><br \/>\nLos dos empleados que hab\u00edan sido cesanteados del organismo descentralizado, retornaron el viernes \u00faltimo a sus puestos de trabajo. Hab\u00edan quedado en la calle a fines de abril.<\/p>\n<p>  A fines de abril, m\u00e1s de 200 trabajadores de todo el pa\u00eds fueron echados del Servicio Nacional de Sanidad y Calidad Agroalimentaria. Los vecinos de Ramallo, Ezequiel Dom\u00ednguez y H\u00e9ctor Ost\u00e1n, con quince a\u00f1os en el organismo, fueron dos de los que recibieron el telegrama.<br \/>\n  Fruto de las negociaciones que llevaron adelante los representantes de ATE SENASA con autoridades del Ministerio de Agroindustria nacional, se logr\u00f3 la reincorporaci\u00f3n de algunos de los que hab\u00edan sido echados en todo el pa\u00eds.  Desde el sindicato siguen reivindicando el regreso de todos los trabajadores que fueron despedidos en diciembre del a\u00f1o pasado y abril de \u00e9ste.<\/p>\n<p>Fuente: Meta FM <\/p>\n","protected":false},"excerpt":{"rendered":"<p>Los dos empleados que hab\u00edan sido cesanteados del organismo descentralizado, retornaron el viernes \u00faltimo a sus puestos de trabajo. Hab\u00edan quedado en la calle a fines de abril. A fines de abril, m\u00e1s de 200 trabajadores de todo el pa\u00eds fueron echados del Servicio Nacional de Sanidad y Calidad Agroalimentaria. Los vecinos de Ramallo, Ezequiel [&hellip;]<\/p>\n","protected":false},"author":4,"featured_media":34274,"comment_status":"open","ping_status":"closed","sticky":false,"template":"","format":"standard","meta":{"om_disable_all_campaigns":false,"_jetpack_memberships_contains_paid_content":false,"footnotes":""},"categories":[621],"tags":[],"class_list":["post-34273","post","type-post","status-publish","format-standard","has-post-thumbnail","hentry","category-regionales"],"aioseo_notices":[],"gutentor_comment":0,"jetpack_featured_media_url":"https:\/\/eldiariodesanpedro.com.ar\/sitio\/wp-content\/uploads\/2018\/06\/SENASA.jpg","jetpack_shortlink":"https:\/\/wp.me\/p6RhLt-8UN","jetpack_sharing_enabled":true,"_links":{"self":[{"href":"https:\/\/eldiariodesanpedro.com.ar\/sitio\/wp-json\/wp\/v2\/posts\/34273","targetHints":{"allow":["GET"]}}],"collection":[{"href":"https:\/\/eldiariodesanpedro.com.ar\/sitio\/wp-json\/wp\/v2\/posts"}],"about":[{"href":"https:\/\/eldiariodesanpedro.com.ar\/sitio\/wp-json\/wp\/v2\/types\/post"}],"author":[{"embeddable":true,"href":"https:\/\/eldiariodesanpedro.com.ar\/sitio\/wp-json\/wp\/v2\/users\/4"}],"replies":[{"embeddable":true,"href":"https:\/\/eldiariodesanpedro.com.ar\/sitio\/wp-json\/wp\/v2\/comments?post=34273"}],"version-history":[{"count":1,"href":"https:\/\/eldiariodesanpedro.com.ar\/sitio\/wp-json\/wp\/v2\/posts\/34273\/revisions"}],"predecessor-version":[{"id":34275,"href":"https:\/\/eldiariodesanpedro.com.ar\/sitio\/wp-json\/wp\/v2\/posts\/34273\/revisions\/34275"}],"wp:featuredmedia":[{"embeddable":true,"href":"https:\/\/eldiariodesanpedro.com.ar\/sitio\/wp-json\/wp\/v2\/media\/34274"}],"wp:attachment":[{"href":"https:\/\/eldiariodesanpedro.com.ar\/sitio\/wp-json\/wp\/v2\/media?parent=34273"}],"wp:term":[{"taxonomy":"category","embeddable":true,"href":"https:\/\/eldiariodesanpedro.com.ar\/sitio\/wp-json\/wp\/v2\/categories?post=34273"},{"taxonomy":"post_tag","embeddable":true,"href":"https:\/\/eldiariodesanpedro.com.ar\/sitio\/wp-json\/wp\/v2\/tags?post=34273"}],"curies":[{"name":"wp","href":"https:\/\/api.w.org\/{rel}","templated":true}]}}