{"id":34270,"date":"2018-06-05T20:24:01","date_gmt":"2018-06-05T23:24:01","guid":{"rendered":"https:\/\/eldiariodesanpedro.com.ar\/sitio\/?p=34270"},"modified":"2018-06-05T20:24:01","modified_gmt":"2018-06-05T23:24:01","slug":"baradero-fue-hallado-el-hombre-que-cayo-en-las-aguas-del-rio-baradero-en-la-manana-del-sabado","status":"publish","type":"post","link":"https:\/\/eldiariodesanpedro.com.ar\/sitio\/baradero-fue-hallado-el-hombre-que-cayo-en-las-aguas-del-rio-baradero-en-la-manana-del-sabado\/","title":{"rendered":"BARADERO: Fue hallado el hombre que cay\u00f3 en las aguas del R\u00edo Baradero en la ma\u00f1ana del s\u00e1bado"},"content":{"rendered":"<p><!-- VideographyWP Plugin Message: Automatic video embedding prevented by plugin options. --><br \/>\n  El hombre que estaba siendo buscado en las aguas del R\u00edo Baradero desde el s\u00e1bado a la ma\u00f1ana, con la participaci\u00f3n de Prefectura, Bomberos y Defensa Civil fue encontrado en la tarde del domingo, aproximadamente a las 18 hs. a la altura del Club de Pesca.<\/p>\n<p>  Seg\u00fan confirm\u00f3 Prefectura local, se trataba de un hombre identificado como Jorge Antonio Annicelli, oriundo de la localidad de Mercedes, de 63 a\u00f1os, el que fue reconocido por sus familiares y luego de las pericias policiales pertinentes, fue trasladado a su ciudad de origen.<\/p>\n<p>Fuente: Baradero Hoy<\/p>\n","protected":false},"excerpt":{"rendered":"<p>El hombre que estaba siendo buscado en las aguas del R\u00edo Baradero desde el s\u00e1bado a la ma\u00f1ana, con la participaci\u00f3n de Prefectura, Bomberos y Defensa Civil fue encontrado en la tarde del domingo, aproximadamente a las 18 hs. a la altura del Club de Pesca. Seg\u00fan confirm\u00f3 Prefectura local, se trataba de un hombre [&hellip;]<\/p>\n","protected":false},"author":4,"featured_media":34271,"comment_status":"open","ping_status":"closed","sticky":false,"template":"","format":"standard","meta":{"om_disable_all_campaigns":false,"_jetpack_memberships_contains_paid_content":false,"footnotes":""},"categories":[621],"tags":[],"class_list":["post-34270","post","type-post","status-publish","format-standard","has-post-thumbnail","hentry","category-regionales"],"aioseo_notices":[],"gutentor_comment":0,"jetpack_featured_media_url":"https:\/\/eldiariodesanpedro.com.ar\/sitio\/wp-content\/uploads\/2018\/06\/Jorge-Antonio-Annicelli-.jpg","jetpack_shortlink":"https:\/\/wp.me\/p6RhLt-8UK","jetpack_sharing_enabled":true,"_links":{"self":[{"href":"https:\/\/eldiariodesanpedro.com.ar\/sitio\/wp-json\/wp\/v2\/posts\/34270","targetHints":{"allow":["GET"]}}],"collection":[{"href":"https:\/\/eldiariodesanpedro.com.ar\/sitio\/wp-json\/wp\/v2\/posts"}],"about":[{"href":"https:\/\/eldiariodesanpedro.com.ar\/sitio\/wp-json\/wp\/v2\/types\/post"}],"author":[{"embeddable":true,"href":"https:\/\/eldiariodesanpedro.com.ar\/sitio\/wp-json\/wp\/v2\/users\/4"}],"replies":[{"embeddable":true,"href":"https:\/\/eldiariodesanpedro.com.ar\/sitio\/wp-json\/wp\/v2\/comments?post=34270"}],"version-history":[{"count":1,"href":"https:\/\/eldiariodesanpedro.com.ar\/sitio\/wp-json\/wp\/v2\/posts\/34270\/revisions"}],"predecessor-version":[{"id":34272,"href":"https:\/\/eldiariodesanpedro.com.ar\/sitio\/wp-json\/wp\/v2\/posts\/34270\/revisions\/34272"}],"wp:featuredmedia":[{"embeddable":true,"href":"https:\/\/eldiariodesanpedro.com.ar\/sitio\/wp-json\/wp\/v2\/media\/34271"}],"wp:attachment":[{"href":"https:\/\/eldiariodesanpedro.com.ar\/sitio\/wp-json\/wp\/v2\/media?parent=34270"}],"wp:term":[{"taxonomy":"category","embeddable":true,"href":"https:\/\/eldiariodesanpedro.com.ar\/sitio\/wp-json\/wp\/v2\/categories?post=34270"},{"taxonomy":"post_tag","embeddable":true,"href":"https:\/\/eldiariodesanpedro.com.ar\/sitio\/wp-json\/wp\/v2\/tags?post=34270"}],"curies":[{"name":"wp","href":"https:\/\/api.w.org\/{rel}","templated":true}]}}