{"id":34265,"date":"2018-06-05T20:21:26","date_gmt":"2018-06-05T23:21:26","guid":{"rendered":"https:\/\/eldiariodesanpedro.com.ar\/sitio\/?p=34265"},"modified":"2018-06-05T20:21:26","modified_gmt":"2018-06-05T23:21:26","slug":"zarate-un-camion-con-gas-butano-volco-en-la-ruta-12-en-cercanias-al-complejo-zarate-brazo-largo","status":"publish","type":"post","link":"https:\/\/eldiariodesanpedro.com.ar\/sitio\/zarate-un-camion-con-gas-butano-volco-en-la-ruta-12-en-cercanias-al-complejo-zarate-brazo-largo\/","title":{"rendered":"Z\u00c1RATE: Un cami\u00f3n con gas butano volc\u00f3 en la Ruta 12 en cercan\u00edas al Complejo Z\u00e1rate \u2013 Brazo Largo"},"content":{"rendered":"<p><!-- VideographyWP Plugin Message: Automatic video embedding prevented by plugin options. --><br \/>\nEl acoplado que cargaba el tanque con gas butano se desprendi\u00f3 del cami\u00f3n y volc\u00f3 a la vera de la Ruta 12, en la mano que va desde Buenos Aires hacia Entre R\u00edos. Una espesa niebla reduc\u00eda la visibilidad casi totalmente.<\/p>\n<p>  Los Bomberos Voluntarios de Ceibas debieron intervenir esta ma\u00f1ana en un peligroso accidente ocurrido a la altura del kil\u00f3metro 140 de la Ruta Nacional 12, en la mano que va desde Buenos Aires hacia Entre R\u00edos.<\/p>\n<p>  En ese lugar y mientras una espesa niebla reduce la visibilidad casi totalmente en el trazado vial, un cami\u00f3n cisterna que transportaba gas butano, se despist\u00f3 y volc\u00f3 en la banquina.<\/p>\n<p>  Como consecuencia del accidente, el tractor del equipo termin\u00f3 en el campo y la cisterna sobre banquina, indicaron los Bomberos Voluntarios de Ceibas. El cami\u00f3n era conducido por un hombre de 33 a\u00f1os, domiciliado en la ciudad de Curuz\u00fa Cuati\u00e1 (Corrientes). El veh\u00edculo pertenece a la empresa Amarilla Gas.<\/p>\n<p>  Debieron cortar un carril para limpiar la cinta asf\u00e1ltica y se estimaba que los trabajos se extender\u00edan hasta las 11. Adem\u00e1s, se\u00f1alaron que al lugar debe llegar otro equipo para traspasar el gas.<\/p>\n<p>La visibilidad en la zona se encuentra reducida por la niebla y trabajan fuerzas de seguridad para controlar el tr\u00e1nsito.<\/p>\n<p>Fuente: Enlace Cr\u00edtico<\/p>\n","protected":false},"excerpt":{"rendered":"<p>El acoplado que cargaba el tanque con gas butano se desprendi\u00f3 del cami\u00f3n y volc\u00f3 a la vera de la Ruta 12, en la mano que va desde Buenos Aires hacia Entre R\u00edos. Una espesa niebla reduc\u00eda la visibilidad casi totalmente. Los Bomberos Voluntarios de Ceibas debieron intervenir esta ma\u00f1ana en un peligroso accidente ocurrido [&hellip;]<\/p>\n","protected":false},"author":4,"featured_media":34267,"comment_status":"open","ping_status":"closed","sticky":false,"template":"","format":"standard","meta":{"om_disable_all_campaigns":false,"_jetpack_memberships_contains_paid_content":false,"footnotes":""},"categories":[621],"tags":[],"class_list":["post-34265","post","type-post","status-publish","format-standard","has-post-thumbnail","hentry","category-regionales"],"aioseo_notices":[],"gutentor_comment":0,"jetpack_featured_media_url":"https:\/\/eldiariodesanpedro.com.ar\/sitio\/wp-content\/uploads\/2018\/06\/Un-cami\u00f3n-con-gas-butano-volc\u00f3-en-la-Ruta-12-en-cercan\u00edas-al-Complejo-Z\u00e1rate-Brazo-Largo.jpg","jetpack_shortlink":"https:\/\/wp.me\/p6RhLt-8UF","jetpack_sharing_enabled":true,"_links":{"self":[{"href":"https:\/\/eldiariodesanpedro.com.ar\/sitio\/wp-json\/wp\/v2\/posts\/34265","targetHints":{"allow":["GET"]}}],"collection":[{"href":"https:\/\/eldiariodesanpedro.com.ar\/sitio\/wp-json\/wp\/v2\/posts"}],"about":[{"href":"https:\/\/eldiariodesanpedro.com.ar\/sitio\/wp-json\/wp\/v2\/types\/post"}],"author":[{"embeddable":true,"href":"https:\/\/eldiariodesanpedro.com.ar\/sitio\/wp-json\/wp\/v2\/users\/4"}],"replies":[{"embeddable":true,"href":"https:\/\/eldiariodesanpedro.com.ar\/sitio\/wp-json\/wp\/v2\/comments?post=34265"}],"version-history":[{"count":1,"href":"https:\/\/eldiariodesanpedro.com.ar\/sitio\/wp-json\/wp\/v2\/posts\/34265\/revisions"}],"predecessor-version":[{"id":34268,"href":"https:\/\/eldiariodesanpedro.com.ar\/sitio\/wp-json\/wp\/v2\/posts\/34265\/revisions\/34268"}],"wp:featuredmedia":[{"embeddable":true,"href":"https:\/\/eldiariodesanpedro.com.ar\/sitio\/wp-json\/wp\/v2\/media\/34267"}],"wp:attachment":[{"href":"https:\/\/eldiariodesanpedro.com.ar\/sitio\/wp-json\/wp\/v2\/media?parent=34265"}],"wp:term":[{"taxonomy":"category","embeddable":true,"href":"https:\/\/eldiariodesanpedro.com.ar\/sitio\/wp-json\/wp\/v2\/categories?post=34265"},{"taxonomy":"post_tag","embeddable":true,"href":"https:\/\/eldiariodesanpedro.com.ar\/sitio\/wp-json\/wp\/v2\/tags?post=34265"}],"curies":[{"name":"wp","href":"https:\/\/api.w.org\/{rel}","templated":true}]}}