{"id":34263,"date":"2018-06-05T20:19:06","date_gmt":"2018-06-05T23:19:06","guid":{"rendered":"https:\/\/eldiariodesanpedro.com.ar\/sitio\/?p=34263"},"modified":"2018-06-05T20:19:06","modified_gmt":"2018-06-05T23:19:06","slug":"san-nicolas-reclamo-de-camioneros-pone-en-jaque-la-limpieza-de-la-ciudad","status":"publish","type":"post","link":"https:\/\/eldiariodesanpedro.com.ar\/sitio\/san-nicolas-reclamo-de-camioneros-pone-en-jaque-la-limpieza-de-la-ciudad\/","title":{"rendered":"SAN NICOL\u00c1S: Reclamo de camioneros pone en jaque la limpieza de la ciudad"},"content":{"rendered":"<p><!-- VideographyWP Plugin Message: Automatic video embedding prevented by plugin options. --><br \/>\nEl gremio que, a nivel regional, conduce Maximiliano Cabaleyro adopt\u00f3 una de las medidas anunciadas a este medio: paros sorpresivos. De esta manera, los trabajadores del ENTRE y Dohm trabajaron s\u00f3lo medio turno, lo cual afect\u00f3 la recolecci\u00f3n y el barrido de las calles.<\/p>\n<p>  Tal como el titular de la Regional San Nicol\u00e1s-San Pedro del gremio de Camioneros le hab\u00eda adelantado a EL NORTE, \u201cvamos a poner en pr\u00e1ctica paros sorpresivos\u201d, hab\u00eda dicho Maximiliano Cabaleyro, en el marco de la discusi\u00f3n que el gremio lleva a cabo con las empresas por aumento salarial.   <\/p>\n<p>  La primera de las medidas bajo esta modalidad se puso en pr\u00e1ctica en la noche del domingo, cuando el gremio comunic\u00f3 a las autoridades del ENTRE. En rigor, el cuerpo de delegados de Camioneros inform\u00f3 a las 20:30 hs. del domingo que llevar\u00edan a cabo asambleas con los trabajadores en el lugar de trabajo, con lo cual no se procedi\u00f3 a la recolecci\u00f3n de los residuos domiciliarios durante las primeras horas del lunes. La medida afect\u00f3 tambi\u00e9n al servicio de barrido y limpieza que realizan los empleados de Dohm en virtud de que esos trabajadores tambi\u00e9n est\u00e1n representados por el gremio de Camioneros. As\u00ed, la ciudad amaneci\u00f3 ayer con las calles sucias y las bolsas de residuos sin recoger, un escenario que empez\u00f3 a normalizarse en la zona c\u00e9ntrica una vez que concluyeron las asambleas. En el caso de los trabajadores del ENTRE, s\u00f3lo trabajaron media jornada mientras que las otras cuatro horas fueron destinadas a las reuniones de delegados y afiliados.<\/p>\n<p>  Los trabajadores del turno ma\u00f1ana procedieron a instrumentar la misma modalidad de protesta, con lo cual el servicio funcion\u00f3 parcialmente a lo largo de toda la jornada. Los sectores m\u00e1s afectados fueron los barrios perif\u00e9ricos ya que en algunos sectores no alcanz\u00f3 el tiempo f\u00edsico para proceder a la recolecci\u00f3n de residuos domiciliarios. La medida alcanz\u00f3 tambi\u00e9n al personal abocado al complejo ambiental en el cual se procesan los residuos recolectados.<\/p>\n<p>  \u201cAl tratarse de paros sorpresivos, no sabemos cu\u00e1ndo se instrumentar\u00e1 una nueva medida de fuerza. Este escenario complica cualquier esquema que podamos implementar en la prestaci\u00f3n del servicio\u201d, le confi\u00f3 a este medio el gerente de la empresa ENTRE S.A., Gerardo Di Gi\u00e1como.<\/p>\n<p>  \u201cEsta modalidad de protesta no s\u00f3lo nos impide prever un esquema certero en cuanto a la prestaci\u00f3n del servicio, sino que tampoco nos perite dar avisa a la comunidad de no sacar los residuos a la calle. A nosotros nos comunican la medida poco antes del inicio de las tareas habituales de recolecci\u00f3n de residuos\u201d, a\u00f1adi\u00f3 Di Gi\u00e1como.<\/p>\n<p><strong>La discusi\u00f3n<\/strong><br \/>\n  El gremio de Camioneros representa no s\u00f3lo a los choferes de los camiones sino tambi\u00e9n a las personas que recolectan los residuos y al personal del complejo sanitario, con lo cual el servicio se paraliza por completo en cada medida de fuerza. Este esquema representa un factor de presi\u00f3n muy grande en manos de Camioneros a la hora de negociar con las empresas y el Gobierno. Cabe recordar que Camioneros rechaz\u00f3 la propuesta oficial de un aumento salarial del 15 por ciento. La oferta del sector empresario, que se distribu\u00eda en tres pagos a lo largo del a\u00f1o, fue insuficiente para el sindicato conducido a nivel nacional por Pablo Moyano. El gremio reclama un 27% de aumento, un porcentual que pr\u00e1cticamente duplica lo que ofrecen las empresas. El Ministerio de Trabajo, mientras tanto, convoc\u00f3 a una nueva audiencia para dentro de 12 d\u00edas.<\/p>\n<p>  Adem\u00e1s, Camioneros rechaza la quita del plus por vacaciones y la reducci\u00f3n del 1 al 0,5 por ciento el porcentaje de cobro por antig\u00fcedad anual.<\/p>\n<p>  Si bien el gremio negocia paritarias con las empresas, Cabaleyro sostiene que \u201cla realidad es que las empresas est\u00e1n presionadas por el gobierno para que firmemos un aumento cercano al 15%\u201d. Y agreg\u00f3: \u201cNo tengo dudas que el conflicto va a endurecerse si mantienen esta postura. Lo que tenemos muy claro es que la lucha la vamos a dar en la calle. Vamos a defender como sea los derechos adquiridos en el convenio colectivo de Camioneros, y el aumento salarial que estamos reclamando\u201d.<\/p>\n<p>Fuente: Diario El Norte<\/p>\n","protected":false},"excerpt":{"rendered":"<p>El gremio que, a nivel regional, conduce Maximiliano Cabaleyro adopt\u00f3 una de las medidas anunciadas a este medio: paros sorpresivos. De esta manera, los trabajadores del ENTRE y Dohm trabajaron s\u00f3lo medio turno, lo cual afect\u00f3 la recolecci\u00f3n y el barrido de las calles. Tal como el titular de la Regional San Nicol\u00e1s-San Pedro del [&hellip;]<\/p>\n","protected":false},"author":4,"featured_media":34264,"comment_status":"open","ping_status":"closed","sticky":false,"template":"","format":"standard","meta":{"om_disable_all_campaigns":false,"_jetpack_memberships_contains_paid_content":false,"footnotes":""},"categories":[621],"tags":[],"class_list":["post-34263","post","type-post","status-publish","format-standard","has-post-thumbnail","hentry","category-regionales"],"aioseo_notices":[],"gutentor_comment":0,"jetpack_featured_media_url":"https:\/\/eldiariodesanpedro.com.ar\/sitio\/wp-content\/uploads\/2018\/06\/Reclamo-de-camioneros-pone-en-jaque-la-limpieza-de-la-ciudad.jpg","jetpack_shortlink":"https:\/\/wp.me\/p6RhLt-8UD","jetpack_sharing_enabled":true,"_links":{"self":[{"href":"https:\/\/eldiariodesanpedro.com.ar\/sitio\/wp-json\/wp\/v2\/posts\/34263","targetHints":{"allow":["GET"]}}],"collection":[{"href":"https:\/\/eldiariodesanpedro.com.ar\/sitio\/wp-json\/wp\/v2\/posts"}],"about":[{"href":"https:\/\/eldiariodesanpedro.com.ar\/sitio\/wp-json\/wp\/v2\/types\/post"}],"author":[{"embeddable":true,"href":"https:\/\/eldiariodesanpedro.com.ar\/sitio\/wp-json\/wp\/v2\/users\/4"}],"replies":[{"embeddable":true,"href":"https:\/\/eldiariodesanpedro.com.ar\/sitio\/wp-json\/wp\/v2\/comments?post=34263"}],"version-history":[{"count":1,"href":"https:\/\/eldiariodesanpedro.com.ar\/sitio\/wp-json\/wp\/v2\/posts\/34263\/revisions"}],"predecessor-version":[{"id":34266,"href":"https:\/\/eldiariodesanpedro.com.ar\/sitio\/wp-json\/wp\/v2\/posts\/34263\/revisions\/34266"}],"wp:featuredmedia":[{"embeddable":true,"href":"https:\/\/eldiariodesanpedro.com.ar\/sitio\/wp-json\/wp\/v2\/media\/34264"}],"wp:attachment":[{"href":"https:\/\/eldiariodesanpedro.com.ar\/sitio\/wp-json\/wp\/v2\/media?parent=34263"}],"wp:term":[{"taxonomy":"category","embeddable":true,"href":"https:\/\/eldiariodesanpedro.com.ar\/sitio\/wp-json\/wp\/v2\/categories?post=34263"},{"taxonomy":"post_tag","embeddable":true,"href":"https:\/\/eldiariodesanpedro.com.ar\/sitio\/wp-json\/wp\/v2\/tags?post=34263"}],"curies":[{"name":"wp","href":"https:\/\/api.w.org\/{rel}","templated":true}]}}