{"id":34259,"date":"2018-06-05T20:14:00","date_gmt":"2018-06-05T23:14:00","guid":{"rendered":"https:\/\/eldiariodesanpedro.com.ar\/sitio\/?p=34259"},"modified":"2018-06-05T20:14:00","modified_gmt":"2018-06-05T23:14:00","slug":"franco-casco-continua-en-grave-estado","status":"publish","type":"post","link":"https:\/\/eldiariodesanpedro.com.ar\/sitio\/franco-casco-continua-en-grave-estado\/","title":{"rendered":"Franco Casco contin\u00faa en grave estado"},"content":{"rendered":"<p><!-- VideographyWP Plugin Message: Automatic video embedding prevented by plugin options. --><br \/>\nGisela es la hermana de Franco Casco, el joven atropellado el s\u00e1bado pasado a la madruga en la esquina de calles Benefactora Sampedrina y Ayacucho y, que dejaron abandonado luego del siniestro. <\/p>\n<p>Franco se encuentra internado en una cl\u00ednica de la localidad de Mor\u00f3n, tras ser derivado desde el nosocomio local debido a la gravedad de sus heridas. Su hermana nos coment\u00f3 c\u00f3mo sucedi\u00f3 el hecho y solicita la colaboraci\u00f3n de la sociedad para que sus padres puedan permanecer junto a Franco.<\/p>\n<p>  A pesar de la gravedad de las lesiones sufridas a causa del accidente, Franco continua a\u00fan en estado delicado ya que tiene triple fisura de cr\u00e1neo y un hematoma importante, adem\u00e1s, tambi\u00e9n tiene comprometido un pulm\u00f3n.<br \/>\n  Del accidente no recuerda nada, \u00e9l cree que recibi\u00f3 un golpe mientras caminaba. Su hermana cuenta que le dijo: \u201cYo nunca anduve en moto, ven\u00eda caminando y me pegaron\u201d. Y agrega que en ciertos momentos se pierde y se olvida de las cosas.<\/p>\n<p>  Por los datos que pudieron recabar sus familiares, saben qui\u00e9n lo choc\u00f3, saben que esa persona circulaba en moto. Hace unos d\u00edas su familia public\u00f3 el nombre del conductor que lo atropell\u00f3 y abandon\u00f3 luego, en la red social Facebook. Despu\u00e9s de esta publicaci\u00f3n, \u00e9l mismo llam\u00f3 amenaz\u00e1ndolos. Al d\u00eda siguiente, aparentemente, reconoci\u00f3 el hecho y se habr\u00eda arrepentido. \u201cDijo que se asust\u00f3 mucho y por eso se fue, que se iba a hacer cargo de lo que hiciera falta\u201d cont\u00f3 Gisela agregando \u201cPero nunca vino a pedir disculpas\u201d.<\/p>\n<p>  La familia, vecinos y amigos de Franco organizan una rifa y una pollada para recaudar dinero para que sus padres puedan permanecer en Mor\u00f3n junto a Franco. \u201cAhora duermen en la calle\u201d. Piden la colaboraci\u00f3n de todos para esta causa.<\/p>\n","protected":false},"excerpt":{"rendered":"<p>Gisela es la hermana de Franco Casco, el joven atropellado el s\u00e1bado pasado a la madruga en la esquina de calles Benefactora Sampedrina y Ayacucho y, que dejaron abandonado luego del siniestro. Franco se encuentra internado en una cl\u00ednica de la localidad de Mor\u00f3n, tras ser derivado desde el nosocomio local debido a la gravedad [&hellip;]<\/p>\n","protected":false},"author":4,"featured_media":34261,"comment_status":"open","ping_status":"closed","sticky":false,"template":"","format":"standard","meta":{"om_disable_all_campaigns":false,"_jetpack_memberships_contains_paid_content":false,"footnotes":""},"categories":[2,103],"tags":[],"class_list":["post-34259","post","type-post","status-publish","format-standard","has-post-thumbnail","hentry","category-locales","category-policiales-locales"],"aioseo_notices":[],"gutentor_comment":0,"jetpack_featured_media_url":"https:\/\/eldiariodesanpedro.com.ar\/sitio\/wp-content\/uploads\/2018\/06\/Franco-Casco-.jpg","jetpack_shortlink":"https:\/\/wp.me\/p6RhLt-8Uz","jetpack_sharing_enabled":true,"_links":{"self":[{"href":"https:\/\/eldiariodesanpedro.com.ar\/sitio\/wp-json\/wp\/v2\/posts\/34259","targetHints":{"allow":["GET"]}}],"collection":[{"href":"https:\/\/eldiariodesanpedro.com.ar\/sitio\/wp-json\/wp\/v2\/posts"}],"about":[{"href":"https:\/\/eldiariodesanpedro.com.ar\/sitio\/wp-json\/wp\/v2\/types\/post"}],"author":[{"embeddable":true,"href":"https:\/\/eldiariodesanpedro.com.ar\/sitio\/wp-json\/wp\/v2\/users\/4"}],"replies":[{"embeddable":true,"href":"https:\/\/eldiariodesanpedro.com.ar\/sitio\/wp-json\/wp\/v2\/comments?post=34259"}],"version-history":[{"count":1,"href":"https:\/\/eldiariodesanpedro.com.ar\/sitio\/wp-json\/wp\/v2\/posts\/34259\/revisions"}],"predecessor-version":[{"id":34262,"href":"https:\/\/eldiariodesanpedro.com.ar\/sitio\/wp-json\/wp\/v2\/posts\/34259\/revisions\/34262"}],"wp:featuredmedia":[{"embeddable":true,"href":"https:\/\/eldiariodesanpedro.com.ar\/sitio\/wp-json\/wp\/v2\/media\/34261"}],"wp:attachment":[{"href":"https:\/\/eldiariodesanpedro.com.ar\/sitio\/wp-json\/wp\/v2\/media?parent=34259"}],"wp:term":[{"taxonomy":"category","embeddable":true,"href":"https:\/\/eldiariodesanpedro.com.ar\/sitio\/wp-json\/wp\/v2\/categories?post=34259"},{"taxonomy":"post_tag","embeddable":true,"href":"https:\/\/eldiariodesanpedro.com.ar\/sitio\/wp-json\/wp\/v2\/tags?post=34259"}],"curies":[{"name":"wp","href":"https:\/\/api.w.org\/{rel}","templated":true}]}}