{"id":34248,"date":"2018-06-05T17:37:10","date_gmt":"2018-06-05T20:37:10","guid":{"rendered":"https:\/\/eldiariodesanpedro.com.ar\/sitio\/?p=34248"},"modified":"2018-06-05T17:47:43","modified_gmt":"2018-06-05T20:47:43","slug":"no-va-a-haber-justicia-por-ramiro-aseguro-su-cunada","status":"publish","type":"post","link":"https:\/\/eldiariodesanpedro.com.ar\/sitio\/no-va-a-haber-justicia-por-ramiro-aseguro-su-cunada\/","title":{"rendered":"\u00abNo va a haber justicia para Ramiro\u00bb asegur\u00f3 su cu\u00f1ada"},"content":{"rendered":"<p><!-- VideographyWP Plugin Message: Automatic video embedding prevented by plugin options. --><br \/>\nComo ya lo hab\u00edan anunciado d\u00edas atr\u00e1s, la familia de Ramiro Ben\u00edtez realiz\u00f3 una marcha solicitando la reapertura de la causa donde fue sobrese\u00eddo el \u00fanico imputado por la muerte del joven de 18 a\u00f1os de edad  por falta de pruebas.<\/p>\n<p>Los familiares de Ramiro Ben\u00edtez Almada se reunieron y marcharon este martes alrededor de las 12:30 hs desde el lugar donde ocurri\u00f3 el accidente aquel 24 de diciembre de 2013, en la esquina de Pellegrini y Caseros.<br \/>\nDesde ese lugar marcharon pidiendo justicia a trav\u00e9s de las calles c\u00e9ntricas de la ciudad hasta llegar a la sede de las fiscal\u00edas. Una ves all\u00ed solicitaron al Fiscal Marcelo Manso una explicaci\u00f3n sobre la definici\u00f3n de la causa que tuvo como desenlace la libertad de Marcelo Garrote \u00fanico imputado tras el accidente ocurrido, el juicio finalizo d\u00edas atr\u00e1s resultando sobrese\u00eddo el joven acusado de cruzar un sem\u00e1foro en rojo y conducir alcoholizado.<\/p>\n<p>El Fiscal que quien llevaba la causa adelante luego de la salida de la Dra. Ates a quien originalmente le correspond\u00eda esta investigaci\u00f3n, invit\u00f3 a pasar a su oficina a familiares para realizar su descargo y darles las explicaciones del resultado del juicio.<\/p>\n<p>Una vez terminada la reuni\u00f3n que duro alrededor de una hora y media, Nadia Riter, cu\u00f1ada del joven fallecido hablo con los medios presentes y explico lo charlado: \u201cLa causa no se puede volver a abrir, no hubo pruebas suficientes porque la investigaci\u00f3n estaba cerrada por Ates y entonces Manso no pod\u00eda pedir nuevos testigos y la pipeta no sirvi\u00f3 porque la muestra de sangre que realmente era lo valido dio negativo\u201d.<br \/>\nPara finalizar agrego: \u201cEs triste pero no va haber condena y no se va hacer justicia, de cualquier manera para nosotros va a ver siempre un asesino suelto\u201d. <\/p>\n<p><iframe data-src=\"https:\/\/www.facebook.com\/plugins\/post.php?href=https%3A%2F%2Fwww.facebook.com%2Feldiario.desanpedro%2Fposts%2F777869125755562&#038;width=500\" width=\"500\" height=\"650\" style=\"border:none;overflow:hidden\" scrolling=\"no\" frameborder=\"0\" allowTransparency=\"true\" allow=\"encrypted-media\" src=\"data:image\/svg+xml;base64,PHN2ZyB3aWR0aD0iMSIgaGVpZ2h0PSIxIiB4bWxucz0iaHR0cDovL3d3dy53My5vcmcvMjAwMC9zdmciPjwvc3ZnPg==\" class=\"lazyload\" data-load-mode=\"1\"><\/iframe><\/p>\n<p><iframe data-src=\"https:\/\/www.facebook.com\/plugins\/video.php?href=https%3A%2F%2Fwww.facebook.com%2Feldiario.desanpedro%2Fvideos%2F777752435767231%2F&#038;show_text=0&#038;width=560\" width=\"560\" height=\"315\" style=\"border:none;overflow:hidden\" scrolling=\"no\" frameborder=\"0\" allowTransparency=\"true\" allowFullScreen=\"true\" src=\"data:image\/svg+xml;base64,PHN2ZyB3aWR0aD0iMSIgaGVpZ2h0PSIxIiB4bWxucz0iaHR0cDovL3d3dy53My5vcmcvMjAwMC9zdmciPjwvc3ZnPg==\" class=\"lazyload\" data-load-mode=\"1\"><\/iframe><\/p>\n<p><iframe data-src=\"https:\/\/www.facebook.com\/plugins\/video.php?href=https%3A%2F%2Fwww.facebook.com%2Feldiario.desanpedro%2Fvideos%2F777766489099159%2F&#038;show_text=0&#038;width=560\" width=\"560\" height=\"315\" style=\"border:none;overflow:hidden\" scrolling=\"no\" frameborder=\"0\" allowTransparency=\"true\" allowFullScreen=\"true\" src=\"data:image\/svg+xml;base64,PHN2ZyB3aWR0aD0iMSIgaGVpZ2h0PSIxIiB4bWxucz0iaHR0cDovL3d3dy53My5vcmcvMjAwMC9zdmciPjwvc3ZnPg==\" class=\"lazyload\" data-load-mode=\"1\"><\/iframe><\/p>\n<p><iframe data-src=\"https:\/\/www.facebook.com\/plugins\/video.php?href=https%3A%2F%2Fwww.facebook.com%2Feldiario.desanpedro%2Fvideos%2F777770229098785%2F&#038;show_text=0&#038;width=560\" width=\"560\" height=\"315\" style=\"border:none;overflow:hidden\" scrolling=\"no\" frameborder=\"0\" allowTransparency=\"true\" allowFullScreen=\"true\" src=\"data:image\/svg+xml;base64,PHN2ZyB3aWR0aD0iMSIgaGVpZ2h0PSIxIiB4bWxucz0iaHR0cDovL3d3dy53My5vcmcvMjAwMC9zdmciPjwvc3ZnPg==\" class=\"lazyload\" data-load-mode=\"1\"><\/iframe><\/p>\n<p><iframe data-src=\"https:\/\/www.facebook.com\/plugins\/video.php?href=https%3A%2F%2Fwww.facebook.com%2Feldiario.desanpedro%2Fvideos%2F777795672429574%2F&#038;show_text=0&#038;width=560\" width=\"560\" height=\"315\" style=\"border:none;overflow:hidden\" scrolling=\"no\" frameborder=\"0\" allowTransparency=\"true\" allowFullScreen=\"true\" src=\"data:image\/svg+xml;base64,PHN2ZyB3aWR0aD0iMSIgaGVpZ2h0PSIxIiB4bWxucz0iaHR0cDovL3d3dy53My5vcmcvMjAwMC9zdmciPjwvc3ZnPg==\" class=\"lazyload\" data-load-mode=\"1\"><\/iframe><\/p>\n","protected":false},"excerpt":{"rendered":"<p>Como ya lo hab\u00edan anunciado d\u00edas atr\u00e1s, la familia de Ramiro Ben\u00edtez realiz\u00f3 una marcha solicitando la reapertura de la causa donde fue sobrese\u00eddo el \u00fanico imputado por la muerte del joven de 18 a\u00f1os de edad por falta de pruebas. Los familiares de Ramiro Ben\u00edtez Almada se reunieron y marcharon este martes alrededor de [&hellip;]<\/p>\n","protected":false},"author":4,"featured_media":34249,"comment_status":"open","ping_status":"closed","sticky":false,"template":"","format":"standard","meta":{"om_disable_all_campaigns":false,"_jetpack_memberships_contains_paid_content":false,"footnotes":""},"categories":[50,2,103],"tags":[],"class_list":["post-34248","post","type-post","status-publish","format-standard","has-post-thumbnail","hentry","category-destacadas","category-locales","category-policiales-locales"],"aioseo_notices":[],"gutentor_comment":0,"jetpack_featured_media_url":"https:\/\/eldiariodesanpedro.com.ar\/sitio\/wp-content\/uploads\/2018\/06\/DSC_0013-e1528230991762.jpg","jetpack_shortlink":"https:\/\/wp.me\/p6RhLt-8Uo","jetpack_sharing_enabled":true,"_links":{"self":[{"href":"https:\/\/eldiariodesanpedro.com.ar\/sitio\/wp-json\/wp\/v2\/posts\/34248","targetHints":{"allow":["GET"]}}],"collection":[{"href":"https:\/\/eldiariodesanpedro.com.ar\/sitio\/wp-json\/wp\/v2\/posts"}],"about":[{"href":"https:\/\/eldiariodesanpedro.com.ar\/sitio\/wp-json\/wp\/v2\/types\/post"}],"author":[{"embeddable":true,"href":"https:\/\/eldiariodesanpedro.com.ar\/sitio\/wp-json\/wp\/v2\/users\/4"}],"replies":[{"embeddable":true,"href":"https:\/\/eldiariodesanpedro.com.ar\/sitio\/wp-json\/wp\/v2\/comments?post=34248"}],"version-history":[{"count":4,"href":"https:\/\/eldiariodesanpedro.com.ar\/sitio\/wp-json\/wp\/v2\/posts\/34248\/revisions"}],"predecessor-version":[{"id":34254,"href":"https:\/\/eldiariodesanpedro.com.ar\/sitio\/wp-json\/wp\/v2\/posts\/34248\/revisions\/34254"}],"wp:featuredmedia":[{"embeddable":true,"href":"https:\/\/eldiariodesanpedro.com.ar\/sitio\/wp-json\/wp\/v2\/media\/34249"}],"wp:attachment":[{"href":"https:\/\/eldiariodesanpedro.com.ar\/sitio\/wp-json\/wp\/v2\/media?parent=34248"}],"wp:term":[{"taxonomy":"category","embeddable":true,"href":"https:\/\/eldiariodesanpedro.com.ar\/sitio\/wp-json\/wp\/v2\/categories?post=34248"},{"taxonomy":"post_tag","embeddable":true,"href":"https:\/\/eldiariodesanpedro.com.ar\/sitio\/wp-json\/wp\/v2\/tags?post=34248"}],"curies":[{"name":"wp","href":"https:\/\/api.w.org\/{rel}","templated":true}]}}