{"id":34231,"date":"2018-06-05T10:41:21","date_gmt":"2018-06-05T13:41:21","guid":{"rendered":"https:\/\/eldiariodesanpedro.com.ar\/sitio\/?p=34231"},"modified":"2018-06-05T10:41:21","modified_gmt":"2018-06-05T13:41:21","slug":"reunion-regional-del-consejo-provincial-de-ninez-y-adolescencia-en-san-pedro","status":"publish","type":"post","link":"https:\/\/eldiariodesanpedro.com.ar\/sitio\/reunion-regional-del-consejo-provincial-de-ninez-y-adolescencia-en-san-pedro\/","title":{"rendered":"Reuni\u00f3n regional del Consejo Provincial de Ni\u00f1ez y Adolescencia en San Pedro"},"content":{"rendered":"<p><!-- VideographyWP Plugin Message: Automatic video embedding prevented by plugin options. --><br \/>\nNuestra ciudad es sede hoy del 1\u00b0 Encuentro Regional del Consejo Provincial de Ni\u00f1ez y Adolescencia para la Regi\u00f3n 1\u00b0. La jornada es organizada por el Organismo Provincial de Ni\u00f1ez y Adolescencia y encabezada por autoridades provinciales y municipales.<\/p>\n<p>La actividad se desarrolla desde las 9:30  de la ma\u00f1ana en el Sal\u00f3n de la Agrupaci\u00f3n Mallorca y en la tem\u00e1tica prevista se destacan  la presentaci\u00f3n de la l\u00ednea 102 con sus funciones, alcances y metodolog\u00edas, las articulaciones interinstitucionales y el lanzamiento del programa Garantizar tu Identidad de la Direcci\u00f3n de Documentaci\u00f3n del Registro Provincial de las Personas.<\/p>\n<p>Adem\u00e1s durante los paneles previstos en la jornada se presentar\u00e1n las l\u00edneas de trabajo y proyectos para el 2018.<\/p>\n<p>Asistir\u00e1n consejeros de Ni\u00f1ez y Adolescencia y a los coordinadores de Servicios Locales y Zonales de Promoci\u00f3n y Protecci\u00f3n de Derechos que se desempe\u00f1an en los distritos de Chacabuco, Junin, Lincoln, Rojas, General Viamonte, General Arenales, General Pinto, Florentino Ameghino, Leandro N. Alem, San Antonio de Areco, Carmen de Areco, Alberti, Bragado, 25 de Mayo,9 de Julio, Chivilcoy, General Las Heras, Luj\u00e1n, Marcos Paz, Mercedes, Navarro, Salto, San Andr\u00e9s de Giles, Suipacha, Pergamino, Col\u00f3n, Z\u00e1rate, Campana, Exaltaci\u00f3n de la Cruz,<br \/>\nEscobar, San Nicol\u00e1s, Arrecifes, Capit\u00e1n Sarmiento, San Pedro, Baradero y Ramallo.<\/p>\n","protected":false},"excerpt":{"rendered":"<p>Nuestra ciudad es sede hoy del 1\u00b0 Encuentro Regional del Consejo Provincial de Ni\u00f1ez y Adolescencia para la Regi\u00f3n 1\u00b0. La jornada es organizada por el Organismo Provincial de Ni\u00f1ez y Adolescencia y encabezada por autoridades provinciales y municipales. La actividad se desarrolla desde las 9:30 de la ma\u00f1ana en el Sal\u00f3n de la Agrupaci\u00f3n [&hellip;]<\/p>\n","protected":false},"author":4,"featured_media":34232,"comment_status":"open","ping_status":"closed","sticky":false,"template":"","format":"standard","meta":{"om_disable_all_campaigns":false,"_jetpack_memberships_contains_paid_content":false,"footnotes":""},"categories":[101,2],"tags":[],"class_list":["post-34231","post","type-post","status-publish","format-standard","has-post-thumbnail","hentry","category-interes-general-locales","category-locales"],"aioseo_notices":[],"gutentor_comment":0,"jetpack_featured_media_url":"https:\/\/eldiariodesanpedro.com.ar\/sitio\/wp-content\/uploads\/2018\/06\/agrupacion_mallorca.jpg","jetpack_shortlink":"https:\/\/wp.me\/p6RhLt-8U7","jetpack_sharing_enabled":true,"_links":{"self":[{"href":"https:\/\/eldiariodesanpedro.com.ar\/sitio\/wp-json\/wp\/v2\/posts\/34231","targetHints":{"allow":["GET"]}}],"collection":[{"href":"https:\/\/eldiariodesanpedro.com.ar\/sitio\/wp-json\/wp\/v2\/posts"}],"about":[{"href":"https:\/\/eldiariodesanpedro.com.ar\/sitio\/wp-json\/wp\/v2\/types\/post"}],"author":[{"embeddable":true,"href":"https:\/\/eldiariodesanpedro.com.ar\/sitio\/wp-json\/wp\/v2\/users\/4"}],"replies":[{"embeddable":true,"href":"https:\/\/eldiariodesanpedro.com.ar\/sitio\/wp-json\/wp\/v2\/comments?post=34231"}],"version-history":[{"count":1,"href":"https:\/\/eldiariodesanpedro.com.ar\/sitio\/wp-json\/wp\/v2\/posts\/34231\/revisions"}],"predecessor-version":[{"id":34233,"href":"https:\/\/eldiariodesanpedro.com.ar\/sitio\/wp-json\/wp\/v2\/posts\/34231\/revisions\/34233"}],"wp:featuredmedia":[{"embeddable":true,"href":"https:\/\/eldiariodesanpedro.com.ar\/sitio\/wp-json\/wp\/v2\/media\/34232"}],"wp:attachment":[{"href":"https:\/\/eldiariodesanpedro.com.ar\/sitio\/wp-json\/wp\/v2\/media?parent=34231"}],"wp:term":[{"taxonomy":"category","embeddable":true,"href":"https:\/\/eldiariodesanpedro.com.ar\/sitio\/wp-json\/wp\/v2\/categories?post=34231"},{"taxonomy":"post_tag","embeddable":true,"href":"https:\/\/eldiariodesanpedro.com.ar\/sitio\/wp-json\/wp\/v2\/tags?post=34231"}],"curies":[{"name":"wp","href":"https:\/\/api.w.org\/{rel}","templated":true}]}}