{"id":34228,"date":"2018-06-05T10:35:42","date_gmt":"2018-06-05T13:35:42","guid":{"rendered":"https:\/\/eldiariodesanpedro.com.ar\/sitio\/?p=34228"},"modified":"2018-06-05T10:35:42","modified_gmt":"2018-06-05T13:35:42","slug":"un-nuevo-buque-arriba-al-puerto-san-pedro-3","status":"publish","type":"post","link":"https:\/\/eldiariodesanpedro.com.ar\/sitio\/un-nuevo-buque-arriba-al-puerto-san-pedro-3\/","title":{"rendered":"Un nuevo buque arriba al Puerto San Pedro"},"content":{"rendered":"<p><!-- VideographyWP Plugin Message: Automatic video embedding prevented by plugin options. --><br \/>\nDesde el Consorcio de Gesti\u00f3n del Puerto San Pedro se comunic\u00f3 el arribo de un buque denominado \u201cGreen Brazil\u201d el dia de hoy, de bandera bahamas, ingresara en el puerto local.<\/p>\n<p>El barco de 131,28 metros de eslora, procede de Nigeria y operar\u00e1 en el muelle cabecera, en donde cargar\u00e1 4800 pallets de c\u00edtricos aproximadamente con destino a Pa\u00edses Bajos.<\/p>\n","protected":false},"excerpt":{"rendered":"<p>Desde el Consorcio de Gesti\u00f3n del Puerto San Pedro se comunic\u00f3 el arribo de un buque denominado \u201cGreen Brazil\u201d el dia de hoy, de bandera bahamas, ingresara en el puerto local. El barco de 131,28 metros de eslora, procede de Nigeria y operar\u00e1 en el muelle cabecera, en donde cargar\u00e1 4800 pallets de c\u00edtricos aproximadamente [&hellip;]<\/p>\n","protected":false},"author":4,"featured_media":34229,"comment_status":"open","ping_status":"closed","sticky":false,"template":"","format":"standard","meta":{"om_disable_all_campaigns":false,"_jetpack_memberships_contains_paid_content":false,"footnotes":""},"categories":[101,2],"tags":[],"class_list":["post-34228","post","type-post","status-publish","format-standard","has-post-thumbnail","hentry","category-interes-general-locales","category-locales"],"aioseo_notices":[],"gutentor_comment":0,"jetpack_featured_media_url":"https:\/\/eldiariodesanpedro.com.ar\/sitio\/wp-content\/uploads\/2018\/06\/2086664.jpg","jetpack_shortlink":"https:\/\/wp.me\/p6RhLt-8U4","jetpack_sharing_enabled":true,"_links":{"self":[{"href":"https:\/\/eldiariodesanpedro.com.ar\/sitio\/wp-json\/wp\/v2\/posts\/34228","targetHints":{"allow":["GET"]}}],"collection":[{"href":"https:\/\/eldiariodesanpedro.com.ar\/sitio\/wp-json\/wp\/v2\/posts"}],"about":[{"href":"https:\/\/eldiariodesanpedro.com.ar\/sitio\/wp-json\/wp\/v2\/types\/post"}],"author":[{"embeddable":true,"href":"https:\/\/eldiariodesanpedro.com.ar\/sitio\/wp-json\/wp\/v2\/users\/4"}],"replies":[{"embeddable":true,"href":"https:\/\/eldiariodesanpedro.com.ar\/sitio\/wp-json\/wp\/v2\/comments?post=34228"}],"version-history":[{"count":1,"href":"https:\/\/eldiariodesanpedro.com.ar\/sitio\/wp-json\/wp\/v2\/posts\/34228\/revisions"}],"predecessor-version":[{"id":34230,"href":"https:\/\/eldiariodesanpedro.com.ar\/sitio\/wp-json\/wp\/v2\/posts\/34228\/revisions\/34230"}],"wp:featuredmedia":[{"embeddable":true,"href":"https:\/\/eldiariodesanpedro.com.ar\/sitio\/wp-json\/wp\/v2\/media\/34229"}],"wp:attachment":[{"href":"https:\/\/eldiariodesanpedro.com.ar\/sitio\/wp-json\/wp\/v2\/media?parent=34228"}],"wp:term":[{"taxonomy":"category","embeddable":true,"href":"https:\/\/eldiariodesanpedro.com.ar\/sitio\/wp-json\/wp\/v2\/categories?post=34228"},{"taxonomy":"post_tag","embeddable":true,"href":"https:\/\/eldiariodesanpedro.com.ar\/sitio\/wp-json\/wp\/v2\/tags?post=34228"}],"curies":[{"name":"wp","href":"https:\/\/api.w.org\/{rel}","templated":true}]}}