{"id":34226,"date":"2018-06-05T10:22:16","date_gmt":"2018-06-05T13:22:16","guid":{"rendered":"https:\/\/eldiariodesanpedro.com.ar\/sitio\/?p=34226"},"modified":"2018-06-05T10:22:16","modified_gmt":"2018-06-05T13:22:16","slug":"un-aprehendido-por-delito-de-abuso-sexual","status":"publish","type":"post","link":"https:\/\/eldiariodesanpedro.com.ar\/sitio\/un-aprehendido-por-delito-de-abuso-sexual\/","title":{"rendered":"Un aprehendido por delito de abuso sexual"},"content":{"rendered":"<p><!-- VideographyWP Plugin Message: Automatic video embedding prevented by plugin options. --><br \/>\nEl dia lunes por la tarde se procedi\u00f3 a la aprehensi\u00f3n de un hombre de 50 a\u00f1os que despu\u00e9s de constatar por verificaci\u00f3n de impedimentos legales sobre el cual pesa pedido de captura activa mediante sistema inform\u00e1tico por delito de abuso sexual con acceso carnal agravado con fecha de la denuncia del dia 27 de enero de 2010 que es solicitado por la UFI N\u00b0 3 y Juzgado Garant\u00edas n\u00b0 2 San Nicol\u00e1s.<\/p>\n<p>Fue aprehendido en horas de la tarde en la intersecci\u00f3n de Av. 3 de Febrero y Pellegrini siendo trasladado a la dependencia localpara ser  presentado en sede judicial.<\/p>\n","protected":false},"excerpt":{"rendered":"<p>El dia lunes por la tarde se procedi\u00f3 a la aprehensi\u00f3n de un hombre de 50 a\u00f1os que despu\u00e9s de constatar por verificaci\u00f3n de impedimentos legales sobre el cual pesa pedido de captura activa mediante sistema inform\u00e1tico por delito de abuso sexual con acceso carnal agravado con fecha de la denuncia del dia 27 de [&hellip;]<\/p>\n","protected":false},"author":4,"featured_media":28826,"comment_status":"open","ping_status":"closed","sticky":false,"template":"","format":"standard","meta":{"om_disable_all_campaigns":false,"_jetpack_memberships_contains_paid_content":false,"footnotes":""},"categories":[2,103],"tags":[],"class_list":["post-34226","post","type-post","status-publish","format-standard","has-post-thumbnail","hentry","category-locales","category-policiales-locales"],"aioseo_notices":[],"gutentor_comment":0,"jetpack_featured_media_url":"https:\/\/eldiariodesanpedro.com.ar\/sitio\/wp-content\/uploads\/2018\/02\/detenido-4.jpg","jetpack_shortlink":"https:\/\/wp.me\/p6RhLt-8U2","jetpack_sharing_enabled":true,"_links":{"self":[{"href":"https:\/\/eldiariodesanpedro.com.ar\/sitio\/wp-json\/wp\/v2\/posts\/34226","targetHints":{"allow":["GET"]}}],"collection":[{"href":"https:\/\/eldiariodesanpedro.com.ar\/sitio\/wp-json\/wp\/v2\/posts"}],"about":[{"href":"https:\/\/eldiariodesanpedro.com.ar\/sitio\/wp-json\/wp\/v2\/types\/post"}],"author":[{"embeddable":true,"href":"https:\/\/eldiariodesanpedro.com.ar\/sitio\/wp-json\/wp\/v2\/users\/4"}],"replies":[{"embeddable":true,"href":"https:\/\/eldiariodesanpedro.com.ar\/sitio\/wp-json\/wp\/v2\/comments?post=34226"}],"version-history":[{"count":1,"href":"https:\/\/eldiariodesanpedro.com.ar\/sitio\/wp-json\/wp\/v2\/posts\/34226\/revisions"}],"predecessor-version":[{"id":34227,"href":"https:\/\/eldiariodesanpedro.com.ar\/sitio\/wp-json\/wp\/v2\/posts\/34226\/revisions\/34227"}],"wp:featuredmedia":[{"embeddable":true,"href":"https:\/\/eldiariodesanpedro.com.ar\/sitio\/wp-json\/wp\/v2\/media\/28826"}],"wp:attachment":[{"href":"https:\/\/eldiariodesanpedro.com.ar\/sitio\/wp-json\/wp\/v2\/media?parent=34226"}],"wp:term":[{"taxonomy":"category","embeddable":true,"href":"https:\/\/eldiariodesanpedro.com.ar\/sitio\/wp-json\/wp\/v2\/categories?post=34226"},{"taxonomy":"post_tag","embeddable":true,"href":"https:\/\/eldiariodesanpedro.com.ar\/sitio\/wp-json\/wp\/v2\/tags?post=34226"}],"curies":[{"name":"wp","href":"https:\/\/api.w.org\/{rel}","templated":true}]}}