{"id":34224,"date":"2018-06-05T10:17:22","date_gmt":"2018-06-05T13:17:22","guid":{"rendered":"https:\/\/eldiariodesanpedro.com.ar\/sitio\/?p=34224"},"modified":"2018-06-05T10:17:22","modified_gmt":"2018-06-05T13:17:22","slug":"robaron-en-la-casa-de-una-abuela","status":"publish","type":"post","link":"https:\/\/eldiariodesanpedro.com.ar\/sitio\/robaron-en-la-casa-de-una-abuela\/","title":{"rendered":"Robaron en la casa de una abuela"},"content":{"rendered":"<p><!-- VideographyWP Plugin Message: Automatic video embedding prevented by plugin options. --><br \/>\nDelincuentes ingresan a una vivienda tras violentar puerta de ingreso, sustrayendo elementos de car\u00e1cter personal y dinero en efectivo.<\/p>\n<p>El hecho ocurri\u00f3 el lunes por la tarde cuando una abuela de 74 a\u00f1os regresaba a su domicilio ubicado en calle Manuel Iglesias al 400 constata que delincuentes violentaron la puerta de ingreso a su hogar y sustrajeron pertenencias varias ademas de dinero en efectivo.<\/p>\n<p>Se hace presente personal de comisaria y se da aviso a  personal de cient\u00edfica donde se procede a realizar recaudos legales. Interviene UFI N\u00b0 11 San Pedro.<\/p>\n","protected":false},"excerpt":{"rendered":"<p>Delincuentes ingresan a una vivienda tras violentar puerta de ingreso, sustrayendo elementos de car\u00e1cter personal y dinero en efectivo. El hecho ocurri\u00f3 el lunes por la tarde cuando una abuela de 74 a\u00f1os regresaba a su domicilio ubicado en calle Manuel Iglesias al 400 constata que delincuentes violentaron la puerta de ingreso a su hogar [&hellip;]<\/p>\n","protected":false},"author":4,"featured_media":16992,"comment_status":"open","ping_status":"closed","sticky":false,"template":"","format":"standard","meta":{"om_disable_all_campaigns":false,"_jetpack_memberships_contains_paid_content":false,"footnotes":""},"categories":[2,103],"tags":[],"class_list":["post-34224","post","type-post","status-publish","format-standard","has-post-thumbnail","hentry","category-locales","category-policiales-locales"],"aioseo_notices":[],"gutentor_comment":0,"jetpack_featured_media_url":"https:\/\/eldiariodesanpedro.com.ar\/sitio\/wp-content\/uploads\/2017\/04\/DSC_0224-e1496175605426.jpg","jetpack_shortlink":"https:\/\/wp.me\/p6RhLt-8U0","jetpack_sharing_enabled":true,"_links":{"self":[{"href":"https:\/\/eldiariodesanpedro.com.ar\/sitio\/wp-json\/wp\/v2\/posts\/34224","targetHints":{"allow":["GET"]}}],"collection":[{"href":"https:\/\/eldiariodesanpedro.com.ar\/sitio\/wp-json\/wp\/v2\/posts"}],"about":[{"href":"https:\/\/eldiariodesanpedro.com.ar\/sitio\/wp-json\/wp\/v2\/types\/post"}],"author":[{"embeddable":true,"href":"https:\/\/eldiariodesanpedro.com.ar\/sitio\/wp-json\/wp\/v2\/users\/4"}],"replies":[{"embeddable":true,"href":"https:\/\/eldiariodesanpedro.com.ar\/sitio\/wp-json\/wp\/v2\/comments?post=34224"}],"version-history":[{"count":1,"href":"https:\/\/eldiariodesanpedro.com.ar\/sitio\/wp-json\/wp\/v2\/posts\/34224\/revisions"}],"predecessor-version":[{"id":34225,"href":"https:\/\/eldiariodesanpedro.com.ar\/sitio\/wp-json\/wp\/v2\/posts\/34224\/revisions\/34225"}],"wp:featuredmedia":[{"embeddable":true,"href":"https:\/\/eldiariodesanpedro.com.ar\/sitio\/wp-json\/wp\/v2\/media\/16992"}],"wp:attachment":[{"href":"https:\/\/eldiariodesanpedro.com.ar\/sitio\/wp-json\/wp\/v2\/media?parent=34224"}],"wp:term":[{"taxonomy":"category","embeddable":true,"href":"https:\/\/eldiariodesanpedro.com.ar\/sitio\/wp-json\/wp\/v2\/categories?post=34224"},{"taxonomy":"post_tag","embeddable":true,"href":"https:\/\/eldiariodesanpedro.com.ar\/sitio\/wp-json\/wp\/v2\/tags?post=34224"}],"curies":[{"name":"wp","href":"https:\/\/api.w.org\/{rel}","templated":true}]}}