{"id":34221,"date":"2018-06-05T10:01:27","date_gmt":"2018-06-05T13:01:27","guid":{"rendered":"https:\/\/eldiariodesanpedro.com.ar\/sitio\/?p=34221"},"modified":"2018-06-05T10:01:27","modified_gmt":"2018-06-05T13:01:27","slug":"les-robaron-las-mochilas-a-estudiantes-que-practicaban-educacion-fisica","status":"publish","type":"post","link":"https:\/\/eldiariodesanpedro.com.ar\/sitio\/les-robaron-las-mochilas-a-estudiantes-que-practicaban-educacion-fisica\/","title":{"rendered":"Les robaron las mochilas a estudiantes que practicaban educacion f\u00edsica"},"content":{"rendered":"<p><!-- VideographyWP Plugin Message: Automatic video embedding prevented by plugin options. --><br \/>\nUn delincuente ingreso al Club Paran\u00e1 donde hab\u00eda estudiantes de la Escuela Socorro realizando actividad f\u00edsica y les sustrajo sus mochilas. Se dio a la fuga por el port\u00f3n.<\/p>\n<p>En el complejo deportivo Jorge Su\u00e1rez de Paran\u00e1 F\u00fatbol Club  de San Pedro se desarrollan varias actividades deportivas todos los d\u00edas no solo propias de los socios sino tambi\u00e9n actividades que desarrollan distintos establecimientos educativos a lo largo del d\u00eda y cabe destacar que dicho complejo deportivo cuenta con todos los accesos al p\u00fablico perfectamente custodiados.<\/p>\n<p>El lunes por la tarde un grupo de alumnos del Instituto Nuestra Se\u00f1ora del Socorro de entre 15 y 16 a\u00f1os de edad fueron v\u00edctimas de un robo mientras se encontraban realizando sus actividades de educaci\u00f3n f\u00edsica en el campo de deportes del club a cargo de su profesora.<\/p>\n<p>Jorge Su\u00e1rez, el Presidente del complejo deportivo de 64 a\u00f1os de edad  radico su denuncia en la dependencia local contando que testigos pudieron ver que dos motochorros paran en las cercan\u00edas del club, uno solo baja e ingresa por un lugar que no es habitual y aprovechando a los estudiantes en actividad les robaron 11 mochilas conteniendo todo tipo de pertenencias como ropa, celulares, dinero y documentaci\u00f3n d\u00e1ndose r\u00e1pidamente a la fuga.<\/p>\n<p>Otros hechos delictivos similares sucedieron en otros clubes, recordemos que hace dos meses robaron en el Estadio Municipal mientras se realizaba el partido entre Mitre y San Roque malvivientes ingresaron a sus vestuarios y les sustrajeron  pares de botines , un juego de pechera y  celulares a los  jugadores.<\/p>\n<p>A Tiro Federal le robaron  donde desarrollan actividades deportivas. Los delincuentes se llevaron dos inodoros, rompieron uno y aprovecharon para robar cerveza y hamburguesas del kiosco. Es el segundo robo que sufren  en el mes, y el cuarto del a\u00f1o.<\/p>\n","protected":false},"excerpt":{"rendered":"<p>Un delincuente ingreso al Club Paran\u00e1 donde hab\u00eda estudiantes de la Escuela Socorro realizando actividad f\u00edsica y les sustrajo sus mochilas. Se dio a la fuga por el port\u00f3n. En el complejo deportivo Jorge Su\u00e1rez de Paran\u00e1 F\u00fatbol Club de San Pedro se desarrollan varias actividades deportivas todos los d\u00edas no solo propias de los [&hellip;]<\/p>\n","protected":false},"author":4,"featured_media":34222,"comment_status":"open","ping_status":"closed","sticky":false,"template":"","format":"standard","meta":{"om_disable_all_campaigns":false,"_jetpack_memberships_contains_paid_content":false,"footnotes":""},"categories":[2,103],"tags":[],"class_list":["post-34221","post","type-post","status-publish","format-standard","has-post-thumbnail","hentry","category-locales","category-policiales-locales"],"aioseo_notices":[],"gutentor_comment":0,"jetpack_featured_media_url":"https:\/\/eldiariodesanpedro.com.ar\/sitio\/wp-content\/uploads\/2018\/06\/100035558.jpg","jetpack_shortlink":"https:\/\/wp.me\/p6RhLt-8TX","jetpack_sharing_enabled":true,"_links":{"self":[{"href":"https:\/\/eldiariodesanpedro.com.ar\/sitio\/wp-json\/wp\/v2\/posts\/34221","targetHints":{"allow":["GET"]}}],"collection":[{"href":"https:\/\/eldiariodesanpedro.com.ar\/sitio\/wp-json\/wp\/v2\/posts"}],"about":[{"href":"https:\/\/eldiariodesanpedro.com.ar\/sitio\/wp-json\/wp\/v2\/types\/post"}],"author":[{"embeddable":true,"href":"https:\/\/eldiariodesanpedro.com.ar\/sitio\/wp-json\/wp\/v2\/users\/4"}],"replies":[{"embeddable":true,"href":"https:\/\/eldiariodesanpedro.com.ar\/sitio\/wp-json\/wp\/v2\/comments?post=34221"}],"version-history":[{"count":1,"href":"https:\/\/eldiariodesanpedro.com.ar\/sitio\/wp-json\/wp\/v2\/posts\/34221\/revisions"}],"predecessor-version":[{"id":34223,"href":"https:\/\/eldiariodesanpedro.com.ar\/sitio\/wp-json\/wp\/v2\/posts\/34221\/revisions\/34223"}],"wp:featuredmedia":[{"embeddable":true,"href":"https:\/\/eldiariodesanpedro.com.ar\/sitio\/wp-json\/wp\/v2\/media\/34222"}],"wp:attachment":[{"href":"https:\/\/eldiariodesanpedro.com.ar\/sitio\/wp-json\/wp\/v2\/media?parent=34221"}],"wp:term":[{"taxonomy":"category","embeddable":true,"href":"https:\/\/eldiariodesanpedro.com.ar\/sitio\/wp-json\/wp\/v2\/categories?post=34221"},{"taxonomy":"post_tag","embeddable":true,"href":"https:\/\/eldiariodesanpedro.com.ar\/sitio\/wp-json\/wp\/v2\/tags?post=34221"}],"curies":[{"name":"wp","href":"https:\/\/api.w.org\/{rel}","templated":true}]}}