{"id":34213,"date":"2018-06-04T20:41:03","date_gmt":"2018-06-04T23:41:03","guid":{"rendered":"https:\/\/eldiariodesanpedro.com.ar\/sitio\/?p=34213"},"modified":"2026-01-24T00:13:30","modified_gmt":"2026-01-24T03:13:30","slug":"rumbo-al-mundial-toda-la-fe-para-los-murcielagos-el-objetivo-es-salir-campeon-velo","status":"publish","type":"post","link":"https:\/\/eldiariodesanpedro.com.ar\/sitio\/rumbo-al-mundial-toda-la-fe-para-los-murcielagos-el-objetivo-es-salir-campeon-velo\/","title":{"rendered":"RUMBO AL MUNDIAL: Toda la fe para Los Murci\u00e9lagos: \u201cEl objetivo es salir campe\u00f3n (Velo)\u201d"},"content":{"rendered":"<p><!-- VideographyWP Plugin Message: Automatic video embedding prevented by plugin options. --><br \/>\nLos Murci\u00e9lagos, Selecci\u00f3n Argentina de F\u00fatbol para Ciegos, brindaron una conferencia de prensa en el sal\u00f3n del tercer piso de la AFA en la previa del viaje a Espa\u00f1a donde, a partir del 7 de junio, disputar\u00e1n el Mundial. <\/p>\n<p>  Silvio Velo, uno de los referentes del conjunto nacional, indic\u00f3 que \u00abel objetivo es salir campeones. Ser\u00e1 una Copa del Mundo dif\u00edcil y exigente porque los rivales han crecido. Pero confiamos plenamente en nosotros para ganar el t\u00edtulo, del que ser\u00e1 posiblemente mi \u00faltimo Mundial\u00bb.<\/p>\n<p>  Adem\u00e1s de Silvio Velo, tambi\u00e9n estuvieron el arquero Dar\u00edo Lencina, los futbolistas Froil\u00e1n Padilla y \u00c1ngel Deldo, adem\u00e1s del entrenador Mart\u00edn Demonte, entre otros.<\/p>\n<p>  \u00abVamos con much\u00edsimas expectativas porque contamos con un plantel muy competitivo y de excelentes futbolistas. La cancha donde jugaremos la conocemos muy bien porque el a\u00f1o pasado participamos de un certamen amistoso y nos fue muy bien: En cinco partidos metimos 28 goles\u00bb, dijo Demonte. Y agreg\u00f3:\u00bb\u00a1Si ganamos el Mundial nos vamos a festejar a Rusia con la Selecci\u00f3n de Messi!\u00bb.<\/p>\n<p>  En el Mundial, los Murci\u00e9lagos, campeones del mundo en 2002 y 2006 y subcampeones en 1998, 2000 y 2014, compartir\u00e1n el Grupo B con Francia, Colombia e Ir\u00e1n. Argentina partir\u00e1 a Espa\u00f1a el lunes por la noche.<\/p>\n<p><strong>Grupos:<\/strong><br \/>\nA: Espa\u00f1a, Turqu\u00eda, Marruecos y Tailandia.<br \/>\nB: Argentina, Francia, Colombia e Ir\u00e1n.<br \/>\nC: China, Rusia, M\u00e9xico y Corea del Sur.<br \/>\nD: Brasil, Inglaterra, Costa Rica y Mal\u00ed.<\/p>\n<p><strong>Los que viajan:<\/strong><br \/>\nDar\u00edo Lencina (arquero &#8211; Estudiantes de La Plata)<br \/>\nGerm\u00e1n Muleck (arquero &#8211; Rom\u00e1n Rosell, de San Isidro)<br \/>\nSilvio Velo (Boca Juniors)<br \/>\nLucas Rodr\u00edguez (Municipalidad de C\u00f3rdoba)<br \/>\nNicol\u00e1s V\u00e9liz (Municipalidad de C\u00f3rdoba)<br \/>\nFroil\u00e1n Padilla (Uniredes de Mendoza)<br \/>\nFederico Accardi (Uniredes de Mendoza)<br \/>\nMaximiliano Espinillo (Uniredes de Mendoza)<br \/>\n\u00c1ngel Deldo (ACHADEC de Resistencia, Chaco)<br \/>\nDavid Peralta (Estudiantes de La Plata).<\/p>\n","protected":false},"excerpt":{"rendered":"<p>Los Murci\u00e9lagos, Selecci\u00f3n Argentina de F\u00fatbol para Ciegos, brindaron una conferencia de prensa en el sal\u00f3n del tercer piso de la AFA en la previa del viaje a Espa\u00f1a donde, a partir del 7 de junio, disputar\u00e1n el Mundial. Silvio Velo, uno de los referentes del conjunto nacional, indic\u00f3 que \u00abel objetivo es salir campeones. [&hellip;]<\/p>\n","protected":false},"author":4,"featured_media":34214,"comment_status":"open","ping_status":"closed","sticky":false,"template":"","format":"standard","meta":{"om_disable_all_campaigns":false,"_jetpack_memberships_contains_paid_content":false,"footnotes":""},"categories":[5],"tags":[],"class_list":["post-34213","post","type-post","status-publish","format-standard","has-post-thumbnail","hentry","category-deportes"],"aioseo_notices":[],"gutentor_comment":0,"jetpack_featured_media_url":"https:\/\/eldiariodesanpedro.com.ar\/sitio\/wp-content\/uploads\/2018\/06\/silvio-velo.jpg","jetpack_shortlink":"https:\/\/wp.me\/p6RhLt-8TP","jetpack_sharing_enabled":true,"_links":{"self":[{"href":"https:\/\/eldiariodesanpedro.com.ar\/sitio\/wp-json\/wp\/v2\/posts\/34213","targetHints":{"allow":["GET"]}}],"collection":[{"href":"https:\/\/eldiariodesanpedro.com.ar\/sitio\/wp-json\/wp\/v2\/posts"}],"about":[{"href":"https:\/\/eldiariodesanpedro.com.ar\/sitio\/wp-json\/wp\/v2\/types\/post"}],"author":[{"embeddable":true,"href":"https:\/\/eldiariodesanpedro.com.ar\/sitio\/wp-json\/wp\/v2\/users\/4"}],"replies":[{"embeddable":true,"href":"https:\/\/eldiariodesanpedro.com.ar\/sitio\/wp-json\/wp\/v2\/comments?post=34213"}],"version-history":[{"count":2,"href":"https:\/\/eldiariodesanpedro.com.ar\/sitio\/wp-json\/wp\/v2\/posts\/34213\/revisions"}],"predecessor-version":[{"id":34216,"href":"https:\/\/eldiariodesanpedro.com.ar\/sitio\/wp-json\/wp\/v2\/posts\/34213\/revisions\/34216"}],"wp:featuredmedia":[{"embeddable":true,"href":"https:\/\/eldiariodesanpedro.com.ar\/sitio\/wp-json\/wp\/v2\/media\/34214"}],"wp:attachment":[{"href":"https:\/\/eldiariodesanpedro.com.ar\/sitio\/wp-json\/wp\/v2\/media?parent=34213"}],"wp:term":[{"taxonomy":"category","embeddable":true,"href":"https:\/\/eldiariodesanpedro.com.ar\/sitio\/wp-json\/wp\/v2\/categories?post=34213"},{"taxonomy":"post_tag","embeddable":true,"href":"https:\/\/eldiariodesanpedro.com.ar\/sitio\/wp-json\/wp\/v2\/tags?post=34213"}],"curies":[{"name":"wp","href":"https:\/\/api.w.org\/{rel}","templated":true}]}}