{"id":34211,"date":"2018-06-04T20:53:05","date_gmt":"2018-06-04T23:53:05","guid":{"rendered":"https:\/\/eldiariodesanpedro.com.ar\/sitio\/?p=34211"},"modified":"2018-06-04T20:53:05","modified_gmt":"2018-06-04T23:53:05","slug":"se-realizo-nuevamente-la-marcha-ni-una-menos","status":"publish","type":"post","link":"https:\/\/eldiariodesanpedro.com.ar\/sitio\/se-realizo-nuevamente-la-marcha-ni-una-menos\/","title":{"rendered":"Se realiz\u00f3 nuevamente la marcha \u00abNi una Menos\u00bb"},"content":{"rendered":"<p><!-- VideographyWP Plugin Message: Automatic video embedding prevented by plugin options. --><br \/>\nPor cuarto a\u00f1o concecutivo se desarrollo la marcha #NiUnaMenos en la calle centrica de nuestra ciudad como tambien en todo el pais.<br \/>\nEste a\u00f1o se realizo por cuarta vez a nivel nacional la marcha contra la violencia de genero, luego de que en la ciudad ocurrieran dos casos de femicidios donde Natalia Duarte de  y Mariela Figueroa de murieron a manos de sus ex parejas.<br \/>\nEste a\u00f1o ademas del tradicional reclamo incluye el pedido de legalizaci\u00f3n del aborto, a d\u00edas del tratamiento parlamentario del proyecto en el Congreso. La concentraci\u00f3n en San Pedro se realizo a las 18 hs en Mitre y la Peatonal. A las 19.00 comenzo la marcha hacia la Municipalidad, donde se leyo el documento elaborado por la Asamblea Ni Una Menos.<br \/>\nLas consignas de la convocatoria en San Pedro indican: \u00ab#NiUnaMenos por violencia machista\u00bb, \u00abAborto legal, seguro y gratuito\u00bb, \u00abCumplimiento de ley de cupo laboral trans\u00bb, \u00abCumplimento de la ley de Educaci\u00f3n Sexual Integral\u00bb, \u00abNo m\u00e1s travesticidios\u00bb, \u00abReincorporaci\u00f3n de las trabajadoras de la l\u00ednea 144\u00bb, \u00abEl Estado es responsable, emergencia nacional, provincial y local ya\u00bb, \u00abNo al FMI\u00bb.<br \/>\nEn las puertas de la municipalidad se realizo un acto donde se leyo un petitorio que fue entregado a los concejales quienes estuvieron presentes en las oficinas del HCD.<\/p>\n<p>Parte del texto leido en la puerta de la municipalidad:<br \/>\n\u00abPor cuarto a\u00f1o consecutivo, ocupamos las calles para decir Ni Una Menos, con un movimiento que se ha transformado en una marea arrasadora que desde junio de 2015 que no deja de crecer y de abrazar a cada vez m\u00e1s compa\u00f1eras que entendemos que ac\u00e1 estamos, para y por nosotras.<br \/>\nNos reconocemos en los pa\u00f1uelos verdes que desde hace 13 a\u00f1os son el signo de la lucha por el derecho al aborto legal que, ahora mismo, por presi\u00f3n de la calle, por la capacidad del feminismo de darle cuerpo y sentido a esta demanda, est\u00e1 muy cerca de ser debatido y esperamos que aprobado en el Congreso de la Naci\u00f3n, mientras la discusi\u00f3n no para de profundizarse en los barrios, las casas y las escuelas\u00bb.<br \/>\nSomos el movimiento \u00abNi Una menos\u00bb, somos las nietas de las brujas que no pudieron quemar, las que nos afianzamos en los territorios, y nos apropiamos del grito colectivo del \u00abYa basta\u00bb, para denunciar las violencias econ\u00f3micas, pol\u00edticas e institucionales, que son tambi\u00e9n patriarcales.<br \/>\nAs\u00ed pudimos decir Ni Una Trabajadora Menos frente a los despidos constantes y masivos que imponen las pol\u00edticas de ajuste. Ni Una Travesti Menos para dar cuenta de c\u00f3mo los cuerpos disidentes son marcados de manera particular por el machismo. Ni Una Migrante Menos para denunciar las pol\u00edticas del racismo institucional.<br \/>\nLa bandera Ni Una Menos se cuelga en las escuelas para reclamar Educaci\u00f3n Sexual Integral y tambi\u00e9n se hace o\u00edr el Ni Una Menos por aborto clandestino. Ni Una Menos se dice contra el femicidio territorial en Am\u00e9rica Latina a manos de fuerzas represivas estatales y para-estatales:  Marielle Franco asesinada en Brasil y lideresas comunitarias en Colombia, M\u00e9xico, Ecuador, Honduras, Nicaragua y Per\u00fa.<br \/>\nNos paramos frente a las pol\u00edticas neoliberales que violentan nuestros cuerpos. La deuda es otra forma de violencia que pone nuestras vidas en riesgo. Desde que asumi\u00f3 el Gobierno de la Alianza Cambiemos con Mauricio Macri a la cabeza y la complicidad de los gobernadores, ingresamos en un nuevo ciclo de endeudamiento, que ronda la cifra de los 95 mil millones de d\u00f3lares.<br \/>\nLas mujeres sabemos por las experiencias de nuestros cuerpos colectivos lo que significa estar endeudadas, con deudas que  no nos dejan decir no cuando queremos decir no. Y la deuda del Estado siempre termina derramando sujeci\u00f3n sobre nosotras. Y sobre nuestrxs hijxs. Y sobre nuestrxs nietxs. Nos expone a mayores niveles de precarizaci\u00f3n y a nuevas violencias.<br \/>\nPara tomar deuda, el Estado promete planes de flexibilizaci\u00f3n laboral y reducci\u00f3n del gasto p\u00fablico que afectan de modo diferencial a las mujeres. Frente a la feminizaci\u00f3n de la pobreza, somos protagonistas de la feminizaci\u00f3n de las resistencias populares. Le decimos no al FMI, no al endeudamiento. Ni Una Menos, \u00a1Vivas y DesendeudadasNosQueremos!<br \/>\nDesde la asamblea nos pronunciamos en apoyo de los trabajadores, las trabajadoras y sus familias, y sus luchas en los diferentes sectores de la producci\u00f3n, privado y p\u00fablico.<br \/>\nExigimos a la Gobernadora Mar\u00eda Eugenia Vidal la reincorporaci\u00f3n de las trabajadoras despedidas en la L\u00ednea 144, de atenci\u00f3n telef\u00f3nica las 24 horas para asistencia a las mujeres v\u00edctimas de violencia, lo que deja al descubierto la falta de compromiso y el desinter\u00e9s para con las pol\u00edticas de g\u00e9nero por parte de la mandataria bonaerense.<br \/>\nEn San Pedro el Estado falla sistem\u00e1ticamente sin que ninguno de nuestrxs dirigentes tome nota del reclamo sostenido por este movimiento de mujeres. Con poco m\u00e1s de un mes de diferencia Natalia Duarte y Mariela Figueroa fueron asesinadas por la violencia machista con un estado c\u00f3mplice por acci\u00f3n y por omisi\u00f3n, por no garantizar el derecho fundamental a vivir.<br \/>\nDesde entonces la Secretaria de Desarrollo Humano Karina Chiarella no ha hecho m\u00e1s que demostrar su incompetencia para el cargo, sin asumir en ning\u00fan momento la gravedad de la problem\u00e1tica ni ponerse al frente de la necesidad de proclamar la emergencia en materia de g\u00e9nero del municipio.<br \/>\nPero no somos ingenuas, sabemos que las pol\u00edticas de g\u00e9nero son una decisi\u00f3n pol\u00edtica por lo que responsabilizamos al Intendente Cecilio Salazar por la ausencia del Estado en la atenci\u00f3n y contenci\u00f3n de las mujeres. EL ESTADO MUNICIPAL EL RESPONSABLE.<br \/>\nExigimos saber a qu\u00e9 se destinan los 89 millones de pesos presupuestados para la Secretar\u00eda de Desarrollo Humano, dinero del que ni siquiera Chiarella sab\u00eda que dispon\u00eda y que no hace m\u00e1s que generarnos dudas respecto del destino que est\u00e1n teniendo estos fondos que deber\u00edan aplicarse a garantizar los derechos de los sectores m\u00e1s vulnerables.<br \/>\nExigimos que Concejales y Concejalas, quienes deben controlar la ejecuci\u00f3n de un presupuesto que fue aprobado por el cuerpo, promuevan la interpelaci\u00f3n de Salazar y su secretaria para que den las explicaciones que el pueblo reclama.<br \/>\nSeguiremos en las calles por la conquista de nuestros derechos, somos cada vez m\u00e1s, ya no nos podr\u00e1n callar jam\u00e1s\u00bb. <\/p>\n<p><iframe data-src=\"https:\/\/www.facebook.com\/plugins\/post.php?href=https%3A%2F%2Fwww.facebook.com%2Fmedia%2Fset%2F%3Fset%3Da.777455385796936.1073741946.419365371605941%26type%3D3&#038;width=500\" width=\"500\" height=\"745\" style=\"border:none;overflow:hidden\" scrolling=\"no\" frameborder=\"0\" allowTransparency=\"true\" allow=\"encrypted-media\" src=\"data:image\/svg+xml;base64,PHN2ZyB3aWR0aD0iMSIgaGVpZ2h0PSIxIiB4bWxucz0iaHR0cDovL3d3dy53My5vcmcvMjAwMC9zdmciPjwvc3ZnPg==\" class=\"lazyload\" data-load-mode=\"1\"><\/iframe><\/p>\n<p><iframe data-src=\"https:\/\/www.facebook.com\/plugins\/video.php?href=https%3A%2F%2Fwww.facebook.com%2Feldiario.desanpedro%2Fvideos%2F777419032467238%2F&#038;show_text=0&#038;width=560\" width=\"560\" height=\"315\" style=\"border:none;overflow:hidden\" scrolling=\"no\" frameborder=\"0\" allowTransparency=\"true\" allowFullScreen=\"true\" src=\"data:image\/svg+xml;base64,PHN2ZyB3aWR0aD0iMSIgaGVpZ2h0PSIxIiB4bWxucz0iaHR0cDovL3d3dy53My5vcmcvMjAwMC9zdmciPjwvc3ZnPg==\" class=\"lazyload\" data-load-mode=\"1\"><\/iframe><\/p>\n","protected":false},"excerpt":{"rendered":"<p>Por cuarto a\u00f1o concecutivo se desarrollo la marcha #NiUnaMenos en la calle centrica de nuestra ciudad como tambien en todo el pais. Este a\u00f1o se realizo por cuarta vez a nivel nacional la marcha contra la violencia de genero, luego de que en la ciudad ocurrieran dos casos de femicidios donde Natalia Duarte de y [&hellip;]<\/p>\n","protected":false},"author":4,"featured_media":34217,"comment_status":"open","ping_status":"closed","sticky":false,"template":"","format":"standard","meta":{"om_disable_all_campaigns":false,"_jetpack_memberships_contains_paid_content":false,"footnotes":""},"categories":[50,101,2],"tags":[],"class_list":["post-34211","post","type-post","status-publish","format-standard","has-post-thumbnail","hentry","category-destacadas","category-interes-general-locales","category-locales"],"aioseo_notices":[],"gutentor_comment":0,"jetpack_featured_media_url":"https:\/\/eldiariodesanpedro.com.ar\/sitio\/wp-content\/uploads\/2018\/06\/TAPA.jpg","jetpack_shortlink":"https:\/\/wp.me\/p6RhLt-8TN","jetpack_sharing_enabled":true,"_links":{"self":[{"href":"https:\/\/eldiariodesanpedro.com.ar\/sitio\/wp-json\/wp\/v2\/posts\/34211","targetHints":{"allow":["GET"]}}],"collection":[{"href":"https:\/\/eldiariodesanpedro.com.ar\/sitio\/wp-json\/wp\/v2\/posts"}],"about":[{"href":"https:\/\/eldiariodesanpedro.com.ar\/sitio\/wp-json\/wp\/v2\/types\/post"}],"author":[{"embeddable":true,"href":"https:\/\/eldiariodesanpedro.com.ar\/sitio\/wp-json\/wp\/v2\/users\/4"}],"replies":[{"embeddable":true,"href":"https:\/\/eldiariodesanpedro.com.ar\/sitio\/wp-json\/wp\/v2\/comments?post=34211"}],"version-history":[{"count":2,"href":"https:\/\/eldiariodesanpedro.com.ar\/sitio\/wp-json\/wp\/v2\/posts\/34211\/revisions"}],"predecessor-version":[{"id":34220,"href":"https:\/\/eldiariodesanpedro.com.ar\/sitio\/wp-json\/wp\/v2\/posts\/34211\/revisions\/34220"}],"wp:featuredmedia":[{"embeddable":true,"href":"https:\/\/eldiariodesanpedro.com.ar\/sitio\/wp-json\/wp\/v2\/media\/34217"}],"wp:attachment":[{"href":"https:\/\/eldiariodesanpedro.com.ar\/sitio\/wp-json\/wp\/v2\/media?parent=34211"}],"wp:term":[{"taxonomy":"category","embeddable":true,"href":"https:\/\/eldiariodesanpedro.com.ar\/sitio\/wp-json\/wp\/v2\/categories?post=34211"},{"taxonomy":"post_tag","embeddable":true,"href":"https:\/\/eldiariodesanpedro.com.ar\/sitio\/wp-json\/wp\/v2\/tags?post=34211"}],"curies":[{"name":"wp","href":"https:\/\/api.w.org\/{rel}","templated":true}]}}