{"id":34208,"date":"2018-06-04T20:36:24","date_gmt":"2018-06-04T23:36:24","guid":{"rendered":"https:\/\/eldiariodesanpedro.com.ar\/sitio\/?p=34208"},"modified":"2026-01-24T00:13:30","modified_gmt":"2026-01-24T03:13:30","slug":"futbol-banfield-la-esperanza-y-mitre-ya-estan-en-cuartos-de-final","status":"publish","type":"post","link":"https:\/\/eldiariodesanpedro.com.ar\/sitio\/futbol-banfield-la-esperanza-y-mitre-ya-estan-en-cuartos-de-final\/","title":{"rendered":"F\u00daTBOL: Banfield, La Esperanza y Mitre ya est\u00e1n en cuartos de final"},"content":{"rendered":"<p><!-- VideographyWP Plugin Message: Automatic video embedding prevented by plugin options. --><br \/>\nLa s\u00e9ptima fecha del \u00abTorneo Anual Clasificatorio Apertura Jorge Santiso\u00bb se jug\u00f3 entre s\u00e1bado y domingo, ya con algunos clasificados: Sportivo, Banfield, La Esperanza y Mitre a dos jornadas del final de la ronda regular.  <\/p>\n<p><em>  El detalle de la fecha, cancha por cancha:<\/em><\/p>\n<p><strong>Zona A<\/strong><br \/>\n<em>Paran\u00e1 3 &#8211;  Sportivo 4<\/em><br \/>\nGoles: Jonathan Cerruti (P) x3, los tres de tiro penal, Agust\u00edn Poll y Dar\u00edo N\u00fa\u00f1ez, Gastellu y Sandoval de tiro penal (S).<br \/>\nSub 21: 1-1<br \/>\nTercera: 0-1<br \/>\nCuarta: 6-0<br \/>\nQuinta: 2-2<\/p>\n<p><em>C. C\u00f3rdoba 1 &#8211; I. Portela 1<\/em><br \/>\nGoles: Brian Montenegro (CC) y Francisco Portillo (IP)<br \/>\nSub 21: 0-5<br \/>\nTercera: 1-0<br \/>\nCuarta: 2-0<br \/>\nQuinta: 8-0<\/p>\n<p><em>Agricultores Club 3 &#8211;  Fundici\u00f3n FC 0<\/em><br \/>\nGoles: Renzo Servin, Darien Moreno y Alexander Ben\u00edtez (A)<br \/>\nSub 21: 6-0<br \/>\nTercera: 1-0<br \/>\nCuarta: 2-2<br \/>\nQuinta: 3-0<\/p>\n<p><em>Banfield 3 &#8211; Am\u00e9rica 1<\/em><br \/>\nGoles: Rodrigo Figueroa, Enzo Monzalvo y Alberto Aguilar (B), Alan Trezzini (A)<br \/>\nSub 21: 1-1<br \/>\nTercera: 1-1<br \/>\nCuarta: 0-0<br \/>\nQuinta: 6-1<\/p>\n<p><strong>Zona B<\/strong><br \/>\n<em>Gral. San Mart\u00edn 4 &#8211; Dep. Alsina 1<\/em><br \/>\nGoles: Jos\u00e9 G\u00f3mez x 2, Olivera y Peyrouselle (GSM), Joan Galli (A).<br \/>\nSub 21: 0-1<br \/>\nTercera: 4-0<br \/>\nCuarta: 6-0<br \/>\nQuinta: 12-0<\/p>\n<p><em>Las Palmeras 1 &#8211; Rivadavia 0<\/em><br \/>\nGol: Nazareno G\u00f3mez (LP)<br \/>\nSub 21: 4-1<br \/>\nTercera: 1-2<br \/>\nCuarta: 2-0<br \/>\nQuinta: 2-4<\/p>\n<p><em>San Roque FC 1 &#8211; Independencia FC 4<\/em><br \/>\nGoles: Kevin Neyra (SR), Nelson Sans\u00f3, Nahuel Garay, Jesus Mi\u00f1o y Josue Scavarda (I).<br \/>\nSub 21: 1-1<br \/>\nTercera: 0-2<br \/>\nCuarta: 0-3<br \/>\nQuinta: 1-3<\/p>\n<p><strong>Pr\u00f3xima fecha (8\u00b0)<\/strong><br \/>\n<em>Zona A<\/em><br \/>\nSp. Am\u00e9rica vs. Agricultores<br \/>\nFundici\u00f3n FC vs. C. C\u00f3rdoba<br \/>\nIreneo Portela vs. Paran\u00e1 FC<br \/>\nSportivo vs. La Esperanza<\/p>\n<p><em>Zona B<\/em><br \/>\nIndependencia FC vs. Las Palmeras<br \/>\nRivadavia vs. G. San Mart\u00edn<br \/>\nDep. Alsina vs. Mitre<br \/>\nAtl\u00e9tico vs. Defensores Unidos<\/p>\n<p><em>Interzonal<\/em><br \/>\nBanfield vs. San Roque FC<\/p>\n<p><img decoding=\"async\" data-attachment-id=\"34210\" data-permalink=\"https:\/\/eldiariodesanpedro.com.ar\/sitio\/futbol-banfield-la-esperanza-y-mitre-ya-estan-en-cuartos-de-final\/la-esperanza-2\/\" data-orig-file=\"https:\/\/eldiariodesanpedro.com.ar\/sitio\/wp-content\/uploads\/2018\/06\/la-esperanza.jpg\" data-orig-size=\"3264,2448\" data-comments-opened=\"1\" data-image-meta=\"{&quot;aperture&quot;:&quot;3.5&quot;,&quot;credit&quot;:&quot;&quot;,&quot;camera&quot;:&quot;FinePix S5800 S800&quot;,&quot;caption&quot;:&quot;&quot;,&quot;created_timestamp&quot;:&quot;1515284450&quot;,&quot;copyright&quot;:&quot;&quot;,&quot;focal_length&quot;:&quot;6.3&quot;,&quot;iso&quot;:&quot;64&quot;,&quot;shutter_speed&quot;:&quot;0.014285714285714&quot;,&quot;title&quot;:&quot;&quot;,&quot;orientation&quot;:&quot;1&quot;}\" data-image-title=\"la esperanza\" data-image-description=\"\" data-image-caption=\"\" data-large-file=\"https:\/\/eldiariodesanpedro.com.ar\/sitio\/wp-content\/uploads\/2018\/06\/la-esperanza-1024x768.jpg\" data-src=\"https:\/\/eldiariodesanpedro.com.ar\/sitio\/wp-content\/uploads\/2018\/06\/la-esperanza-1024x768.jpg\" alt=\"\" width=\"660\" height=\"495\" class=\"alignnone size-large wp-image-34210 lazyload\" data-srcset=\"https:\/\/eldiariodesanpedro.com.ar\/sitio\/wp-content\/uploads\/2018\/06\/la-esperanza-1024x768.jpg 1024w, https:\/\/eldiariodesanpedro.com.ar\/sitio\/wp-content\/uploads\/2018\/06\/la-esperanza-300x225.jpg 300w, https:\/\/eldiariodesanpedro.com.ar\/sitio\/wp-content\/uploads\/2018\/06\/la-esperanza-768x576.jpg 768w\" data-sizes=\"(max-width: 660px) 100vw, 660px\" src=\"data:image\/svg+xml;base64,PHN2ZyB3aWR0aD0iMSIgaGVpZ2h0PSIxIiB4bWxucz0iaHR0cDovL3d3dy53My5vcmcvMjAwMC9zdmciPjwvc3ZnPg==\" style=\"--smush-placeholder-width: 660px; --smush-placeholder-aspect-ratio: 660\/495;\" \/><br \/>\n<em>Club Sportivo La Esperanza<\/em><\/p>\n","protected":false},"excerpt":{"rendered":"<p>La s\u00e9ptima fecha del \u00abTorneo Anual Clasificatorio Apertura Jorge Santiso\u00bb se jug\u00f3 entre s\u00e1bado y domingo, ya con algunos clasificados: Sportivo, Banfield, La Esperanza y Mitre a dos jornadas del final de la ronda regular. El detalle de la fecha, cancha por cancha: Zona A Paran\u00e1 3 &#8211; Sportivo 4 Goles: Jonathan Cerruti (P) x3, [&hellip;]<\/p>\n","protected":false},"author":4,"featured_media":34209,"comment_status":"open","ping_status":"closed","sticky":false,"template":"","format":"standard","meta":{"om_disable_all_campaigns":false,"_jetpack_memberships_contains_paid_content":false,"footnotes":""},"categories":[5],"tags":[],"class_list":["post-34208","post","type-post","status-publish","format-standard","has-post-thumbnail","hentry","category-deportes"],"aioseo_notices":[],"gutentor_comment":0,"jetpack_featured_media_url":"https:\/\/eldiariodesanpedro.com.ar\/sitio\/wp-content\/uploads\/2018\/06\/Club-Atl\u00e9tico-Mitre.jpg","jetpack_shortlink":"https:\/\/wp.me\/p6RhLt-8TK","jetpack_sharing_enabled":true,"_links":{"self":[{"href":"https:\/\/eldiariodesanpedro.com.ar\/sitio\/wp-json\/wp\/v2\/posts\/34208","targetHints":{"allow":["GET"]}}],"collection":[{"href":"https:\/\/eldiariodesanpedro.com.ar\/sitio\/wp-json\/wp\/v2\/posts"}],"about":[{"href":"https:\/\/eldiariodesanpedro.com.ar\/sitio\/wp-json\/wp\/v2\/types\/post"}],"author":[{"embeddable":true,"href":"https:\/\/eldiariodesanpedro.com.ar\/sitio\/wp-json\/wp\/v2\/users\/4"}],"replies":[{"embeddable":true,"href":"https:\/\/eldiariodesanpedro.com.ar\/sitio\/wp-json\/wp\/v2\/comments?post=34208"}],"version-history":[{"count":1,"href":"https:\/\/eldiariodesanpedro.com.ar\/sitio\/wp-json\/wp\/v2\/posts\/34208\/revisions"}],"predecessor-version":[{"id":34212,"href":"https:\/\/eldiariodesanpedro.com.ar\/sitio\/wp-json\/wp\/v2\/posts\/34208\/revisions\/34212"}],"wp:featuredmedia":[{"embeddable":true,"href":"https:\/\/eldiariodesanpedro.com.ar\/sitio\/wp-json\/wp\/v2\/media\/34209"}],"wp:attachment":[{"href":"https:\/\/eldiariodesanpedro.com.ar\/sitio\/wp-json\/wp\/v2\/media?parent=34208"}],"wp:term":[{"taxonomy":"category","embeddable":true,"href":"https:\/\/eldiariodesanpedro.com.ar\/sitio\/wp-json\/wp\/v2\/categories?post=34208"},{"taxonomy":"post_tag","embeddable":true,"href":"https:\/\/eldiariodesanpedro.com.ar\/sitio\/wp-json\/wp\/v2\/tags?post=34208"}],"curies":[{"name":"wp","href":"https:\/\/api.w.org\/{rel}","templated":true}]}}