{"id":34202,"date":"2018-06-04T20:30:27","date_gmt":"2018-06-04T23:30:27","guid":{"rendered":"https:\/\/eldiariodesanpedro.com.ar\/sitio\/?p=34202"},"modified":"2018-06-04T20:30:27","modified_gmt":"2018-06-04T23:30:27","slug":"ramallo-fatal-accidente-a-la-altura-del-km-206-de-la-autopista","status":"publish","type":"post","link":"https:\/\/eldiariodesanpedro.com.ar\/sitio\/ramallo-fatal-accidente-a-la-altura-del-km-206-de-la-autopista\/","title":{"rendered":"RAMALLO: Fatal accidente a la altura del km 206 de la autopista"},"content":{"rendered":"<p><!-- VideographyWP Plugin Message: Automatic video embedding prevented by plugin options. --><br \/>\nPasadas la 3,30 de la madrugada de hoy lunes se produjo un fatal accidente sobre la mano Buenos Aires &#8211; Rosario de la autopista. <\/p>\n<p>  En el lugar volc\u00f3 un utilitario Citro\u00ebn Berlingo y su conductor falleci\u00f3 de manera inmediata. Se inform\u00f3 que se trata de un hombre de unos 50 a\u00f1os, pero a\u00fan se desconoce la identidad de esta persona. Los trascendidos indican que la v\u00edctima fatal tendr\u00eda domicilio en San Nicol\u00e1s.<\/p>\n","protected":false},"excerpt":{"rendered":"<p>Pasadas la 3,30 de la madrugada de hoy lunes se produjo un fatal accidente sobre la mano Buenos Aires &#8211; Rosario de la autopista. En el lugar volc\u00f3 un utilitario Citro\u00ebn Berlingo y su conductor falleci\u00f3 de manera inmediata. Se inform\u00f3 que se trata de un hombre de unos 50 a\u00f1os, pero a\u00fan se desconoce [&hellip;]<\/p>\n","protected":false},"author":4,"featured_media":34204,"comment_status":"open","ping_status":"closed","sticky":false,"template":"","format":"standard","meta":{"om_disable_all_campaigns":false,"_jetpack_memberships_contains_paid_content":false,"footnotes":""},"categories":[621],"tags":[],"class_list":["post-34202","post","type-post","status-publish","format-standard","has-post-thumbnail","hentry","category-regionales"],"aioseo_notices":[],"gutentor_comment":0,"jetpack_featured_media_url":"https:\/\/eldiariodesanpedro.com.ar\/sitio\/wp-content\/uploads\/2018\/06\/Fatal-accidente-a-la-altura-del-km-206-de-la-autopista.jpg","jetpack_shortlink":"https:\/\/wp.me\/p6RhLt-8TE","jetpack_sharing_enabled":true,"_links":{"self":[{"href":"https:\/\/eldiariodesanpedro.com.ar\/sitio\/wp-json\/wp\/v2\/posts\/34202","targetHints":{"allow":["GET"]}}],"collection":[{"href":"https:\/\/eldiariodesanpedro.com.ar\/sitio\/wp-json\/wp\/v2\/posts"}],"about":[{"href":"https:\/\/eldiariodesanpedro.com.ar\/sitio\/wp-json\/wp\/v2\/types\/post"}],"author":[{"embeddable":true,"href":"https:\/\/eldiariodesanpedro.com.ar\/sitio\/wp-json\/wp\/v2\/users\/4"}],"replies":[{"embeddable":true,"href":"https:\/\/eldiariodesanpedro.com.ar\/sitio\/wp-json\/wp\/v2\/comments?post=34202"}],"version-history":[{"count":2,"href":"https:\/\/eldiariodesanpedro.com.ar\/sitio\/wp-json\/wp\/v2\/posts\/34202\/revisions"}],"predecessor-version":[{"id":34207,"href":"https:\/\/eldiariodesanpedro.com.ar\/sitio\/wp-json\/wp\/v2\/posts\/34202\/revisions\/34207"}],"wp:featuredmedia":[{"embeddable":true,"href":"https:\/\/eldiariodesanpedro.com.ar\/sitio\/wp-json\/wp\/v2\/media\/34204"}],"wp:attachment":[{"href":"https:\/\/eldiariodesanpedro.com.ar\/sitio\/wp-json\/wp\/v2\/media?parent=34202"}],"wp:term":[{"taxonomy":"category","embeddable":true,"href":"https:\/\/eldiariodesanpedro.com.ar\/sitio\/wp-json\/wp\/v2\/categories?post=34202"},{"taxonomy":"post_tag","embeddable":true,"href":"https:\/\/eldiariodesanpedro.com.ar\/sitio\/wp-json\/wp\/v2\/tags?post=34202"}],"curies":[{"name":"wp","href":"https:\/\/api.w.org\/{rel}","templated":true}]}}