{"id":34200,"date":"2018-06-04T20:29:33","date_gmt":"2018-06-04T23:29:33","guid":{"rendered":"https:\/\/eldiariodesanpedro.com.ar\/sitio\/?p=34200"},"modified":"2018-06-04T20:29:33","modified_gmt":"2018-06-04T23:29:33","slug":"baradero-rompieron-vidrios-de-varios-autos","status":"publish","type":"post","link":"https:\/\/eldiariodesanpedro.com.ar\/sitio\/baradero-rompieron-vidrios-de-varios-autos\/","title":{"rendered":"BARADERO: Rompieron vidrios de varios autos"},"content":{"rendered":"<p><!-- VideographyWP Plugin Message: Automatic video embedding prevented by plugin options. --><br \/>\nCarrasco, Anchorena y Paso, Santa Mar\u00eda de Oro entre Ar\u00e1oz y San Mart\u00edn, Medrano, Cabrera, Boedo, bajada San Mart\u00edn, Cabrera y m\u00e1s. Son algunos de los puntos en los que los autos que estaban estacionados en la v\u00eda p\u00fablica durante las noches de este fin de semana sufrieron diversos da\u00f1os. Varios testimonios coinciden en que se trata de un divertimento y no de una intencionalidad de robo. As\u00ed como tambi\u00e9n en que falta control policial. <\/p>\n<p>  Javier cont\u00f3 que en Cabrera 1463 rompieron autos de sus familiares este fin de semana. \u201cA mi suegra y a mi cu\u00f1ado tambi\u00e9n le rompieron la parte trasera, se ve que se divierten los chicos. Los autos estaban uno atr\u00e1s del otro (\u2026) aparentemente nadie vio nada\u201d. Adem\u00e1s, agreg\u00f3 \u201ctengo entendido que mi suegra fue a hacer la denuncia y no se la quisieron tomar\u201d.<br \/>\n  Respecto de la cantidad de autos da\u00f1ados, que sigue aumentando, Javier dijo \u201clo que falta ac\u00e1 en Baradero, es m\u00e1s control a la noche\u201d.<br \/>\n  Por su parte, H\u00e9ctor cont\u00f3 que el domingo por la madrugada su familia tambi\u00e9n sufri\u00f3 destrozos de sus veh\u00edculos: \u201cLe rompieron el vidrio a mi hija del auto, la luneta trasera, y a mi hijo le erraron al vidrio, pero le metieron toda la chapa para adentro. La camioneta la tiene en la casa con los mosaicos, bastante grandes, que le tiraron\u201d<br \/>\n  Este caso fue en Ferm\u00edn Rosell 146. Los autos estaban a diez metros uno de otro. \u201cBaradero es tierra de nadie\u201d agreg\u00f3 H\u00e9ctor.<\/p>\n","protected":false},"excerpt":{"rendered":"<p>Carrasco, Anchorena y Paso, Santa Mar\u00eda de Oro entre Ar\u00e1oz y San Mart\u00edn, Medrano, Cabrera, Boedo, bajada San Mart\u00edn, Cabrera y m\u00e1s. Son algunos de los puntos en los que los autos que estaban estacionados en la v\u00eda p\u00fablica durante las noches de este fin de semana sufrieron diversos da\u00f1os. Varios testimonios coinciden en que [&hellip;]<\/p>\n","protected":false},"author":4,"featured_media":34201,"comment_status":"open","ping_status":"closed","sticky":false,"template":"","format":"standard","meta":{"om_disable_all_campaigns":false,"_jetpack_memberships_contains_paid_content":false,"footnotes":""},"categories":[621],"tags":[],"class_list":["post-34200","post","type-post","status-publish","format-standard","has-post-thumbnail","hentry","category-regionales"],"aioseo_notices":[],"gutentor_comment":0,"jetpack_featured_media_url":"https:\/\/eldiariodesanpedro.com.ar\/sitio\/wp-content\/uploads\/2018\/06\/Rompieron-vidrios-de-varios-autos.jpg","jetpack_shortlink":"https:\/\/wp.me\/p6RhLt-8TC","jetpack_sharing_enabled":true,"_links":{"self":[{"href":"https:\/\/eldiariodesanpedro.com.ar\/sitio\/wp-json\/wp\/v2\/posts\/34200","targetHints":{"allow":["GET"]}}],"collection":[{"href":"https:\/\/eldiariodesanpedro.com.ar\/sitio\/wp-json\/wp\/v2\/posts"}],"about":[{"href":"https:\/\/eldiariodesanpedro.com.ar\/sitio\/wp-json\/wp\/v2\/types\/post"}],"author":[{"embeddable":true,"href":"https:\/\/eldiariodesanpedro.com.ar\/sitio\/wp-json\/wp\/v2\/users\/4"}],"replies":[{"embeddable":true,"href":"https:\/\/eldiariodesanpedro.com.ar\/sitio\/wp-json\/wp\/v2\/comments?post=34200"}],"version-history":[{"count":2,"href":"https:\/\/eldiariodesanpedro.com.ar\/sitio\/wp-json\/wp\/v2\/posts\/34200\/revisions"}],"predecessor-version":[{"id":34205,"href":"https:\/\/eldiariodesanpedro.com.ar\/sitio\/wp-json\/wp\/v2\/posts\/34200\/revisions\/34205"}],"wp:featuredmedia":[{"embeddable":true,"href":"https:\/\/eldiariodesanpedro.com.ar\/sitio\/wp-json\/wp\/v2\/media\/34201"}],"wp:attachment":[{"href":"https:\/\/eldiariodesanpedro.com.ar\/sitio\/wp-json\/wp\/v2\/media?parent=34200"}],"wp:term":[{"taxonomy":"category","embeddable":true,"href":"https:\/\/eldiariodesanpedro.com.ar\/sitio\/wp-json\/wp\/v2\/categories?post=34200"},{"taxonomy":"post_tag","embeddable":true,"href":"https:\/\/eldiariodesanpedro.com.ar\/sitio\/wp-json\/wp\/v2\/tags?post=34200"}],"curies":[{"name":"wp","href":"https:\/\/api.w.org\/{rel}","templated":true}]}}