{"id":34193,"date":"2018-06-04T20:17:33","date_gmt":"2018-06-04T23:17:33","guid":{"rendered":"https:\/\/eldiariodesanpedro.com.ar\/sitio\/?p=34193"},"modified":"2018-06-04T20:17:33","modified_gmt":"2018-06-04T23:17:33","slug":"arrecifes-el-caps-de-todd-ya-tiene-gas-natural","status":"publish","type":"post","link":"https:\/\/eldiariodesanpedro.com.ar\/sitio\/arrecifes-el-caps-de-todd-ya-tiene-gas-natural\/","title":{"rendered":"ARRECIFES: El CAPS de Todd ya tiene gas natural"},"content":{"rendered":"<p><!-- VideographyWP Plugin Message: Automatic video embedding prevented by plugin options. --><br \/>\nLa Municipalidad de Arrecifes inaugur\u00f3 la instalaci\u00f3n de gas natural en el Centro de Atenci\u00f3n Primaria de la Salud, \u00abPaulino Pacheco\u00bb de Todd.<\/p>\n<p>  Acompa\u00f1ado por el delegado de Todd, Diego Fern\u00e1ndez, el Secretario de Salud, Acci\u00f3n Social y Medio Ambiente, Dr. Carlos Mondino, encargado de dirigir las palabras a los presentes, agradeci\u00f3 a representantes de la Cooperativa El\u00e9ctrica de Todd por la donaci\u00f3n de 2 calefactores y, a Agricultores Federados Argentinos por la donaci\u00f3n de 1 cocina para el centro de salud.<\/p>\n<p>  Participaron adem\u00e1s funcionarios municipales, concejales, personal, vecinos.<\/p>\n<p>Fuente: Arrecifes Digital<\/p>\n","protected":false},"excerpt":{"rendered":"<p>La Municipalidad de Arrecifes inaugur\u00f3 la instalaci\u00f3n de gas natural en el Centro de Atenci\u00f3n Primaria de la Salud, \u00abPaulino Pacheco\u00bb de Todd. Acompa\u00f1ado por el delegado de Todd, Diego Fern\u00e1ndez, el Secretario de Salud, Acci\u00f3n Social y Medio Ambiente, Dr. Carlos Mondino, encargado de dirigir las palabras a los presentes, agradeci\u00f3 a representantes de [&hellip;]<\/p>\n","protected":false},"author":4,"featured_media":34195,"comment_status":"open","ping_status":"closed","sticky":false,"template":"","format":"standard","meta":{"om_disable_all_campaigns":false,"_jetpack_memberships_contains_paid_content":false,"footnotes":""},"categories":[621],"tags":[],"class_list":["post-34193","post","type-post","status-publish","format-standard","has-post-thumbnail","hentry","category-regionales"],"aioseo_notices":[],"gutentor_comment":0,"jetpack_featured_media_url":"https:\/\/eldiariodesanpedro.com.ar\/sitio\/wp-content\/uploads\/2018\/06\/instalaci\u00f3n-de-gas-natural-en-el-Centro-de-Atenci\u00f3n-Primaria-de-la-Salud.jpg","jetpack_shortlink":"https:\/\/wp.me\/p6RhLt-8Tv","jetpack_sharing_enabled":true,"_links":{"self":[{"href":"https:\/\/eldiariodesanpedro.com.ar\/sitio\/wp-json\/wp\/v2\/posts\/34193","targetHints":{"allow":["GET"]}}],"collection":[{"href":"https:\/\/eldiariodesanpedro.com.ar\/sitio\/wp-json\/wp\/v2\/posts"}],"about":[{"href":"https:\/\/eldiariodesanpedro.com.ar\/sitio\/wp-json\/wp\/v2\/types\/post"}],"author":[{"embeddable":true,"href":"https:\/\/eldiariodesanpedro.com.ar\/sitio\/wp-json\/wp\/v2\/users\/4"}],"replies":[{"embeddable":true,"href":"https:\/\/eldiariodesanpedro.com.ar\/sitio\/wp-json\/wp\/v2\/comments?post=34193"}],"version-history":[{"count":1,"href":"https:\/\/eldiariodesanpedro.com.ar\/sitio\/wp-json\/wp\/v2\/posts\/34193\/revisions"}],"predecessor-version":[{"id":34196,"href":"https:\/\/eldiariodesanpedro.com.ar\/sitio\/wp-json\/wp\/v2\/posts\/34193\/revisions\/34196"}],"wp:featuredmedia":[{"embeddable":true,"href":"https:\/\/eldiariodesanpedro.com.ar\/sitio\/wp-json\/wp\/v2\/media\/34195"}],"wp:attachment":[{"href":"https:\/\/eldiariodesanpedro.com.ar\/sitio\/wp-json\/wp\/v2\/media?parent=34193"}],"wp:term":[{"taxonomy":"category","embeddable":true,"href":"https:\/\/eldiariodesanpedro.com.ar\/sitio\/wp-json\/wp\/v2\/categories?post=34193"},{"taxonomy":"post_tag","embeddable":true,"href":"https:\/\/eldiariodesanpedro.com.ar\/sitio\/wp-json\/wp\/v2\/tags?post=34193"}],"curies":[{"name":"wp","href":"https:\/\/api.w.org\/{rel}","templated":true}]}}