{"id":34185,"date":"2018-06-04T20:12:35","date_gmt":"2018-06-04T23:12:35","guid":{"rendered":"https:\/\/eldiariodesanpedro.com.ar\/sitio\/?p=34185"},"modified":"2018-06-04T20:12:35","modified_gmt":"2018-06-04T23:12:35","slug":"le-robaron-su-camioneta-y-fue-encontrada-abandonada-en-la-ruta-9","status":"publish","type":"post","link":"https:\/\/eldiariodesanpedro.com.ar\/sitio\/le-robaron-su-camioneta-y-fue-encontrada-abandonada-en-la-ruta-9\/","title":{"rendered":"Le robaron su camioneta y fue encontrada abandonada en la Ruta 9"},"content":{"rendered":"<p><!-- VideographyWP Plugin Message: Automatic video embedding prevented by plugin options. --><br \/>\n  Este domingo en horas de la ma\u00f1ana un hombre de 51 a\u00f1os hab\u00eda dejado estacionada su camioneta S10 blanca sobre calle Benefactora Sampedrina y Gral. Pueyrred\u00f3n con las llaves colocadas. Posteriormente, escuch\u00f3 ruidos y, al salir, vio como un joven, al que pudo describir, se llevaba su camioneta. <\/p>\n<p>  M\u00e1s tarde, la misma fue hallada en Ruta 9 a la altura de Las Bahamas.<\/p>\n<p>  Se presume que el autor del hecho habr\u00eda sido un joven de 17 a\u00f1os que, instantes antes, se hab\u00eda fugado de la comunidad terap\u00e9utica Los Naranjos y, quien alrededor de las 14 hs. fue hallado en la jurisdicci\u00f3n de la Comisar\u00eda 3ra de San Nicol\u00e1s.    <\/p>\n","protected":false},"excerpt":{"rendered":"<p>Este domingo en horas de la ma\u00f1ana un hombre de 51 a\u00f1os hab\u00eda dejado estacionada su camioneta S10 blanca sobre calle Benefactora Sampedrina y Gral. Pueyrred\u00f3n con las llaves colocadas. Posteriormente, escuch\u00f3 ruidos y, al salir, vio como un joven, al que pudo describir, se llevaba su camioneta. M\u00e1s tarde, la misma fue hallada en [&hellip;]<\/p>\n","protected":false},"author":4,"featured_media":22319,"comment_status":"open","ping_status":"closed","sticky":false,"template":"","format":"standard","meta":{"om_disable_all_campaigns":false,"_jetpack_memberships_contains_paid_content":false,"footnotes":""},"categories":[2,103],"tags":[],"class_list":["post-34185","post","type-post","status-publish","format-standard","has-post-thumbnail","hentry","category-locales","category-policiales-locales"],"aioseo_notices":[],"gutentor_comment":0,"jetpack_featured_media_url":"https:\/\/eldiariodesanpedro.com.ar\/sitio\/wp-content\/uploads\/2017\/08\/camioneta-policia-provincia.jpg","jetpack_shortlink":"https:\/\/wp.me\/p6RhLt-8Tn","jetpack_sharing_enabled":true,"_links":{"self":[{"href":"https:\/\/eldiariodesanpedro.com.ar\/sitio\/wp-json\/wp\/v2\/posts\/34185","targetHints":{"allow":["GET"]}}],"collection":[{"href":"https:\/\/eldiariodesanpedro.com.ar\/sitio\/wp-json\/wp\/v2\/posts"}],"about":[{"href":"https:\/\/eldiariodesanpedro.com.ar\/sitio\/wp-json\/wp\/v2\/types\/post"}],"author":[{"embeddable":true,"href":"https:\/\/eldiariodesanpedro.com.ar\/sitio\/wp-json\/wp\/v2\/users\/4"}],"replies":[{"embeddable":true,"href":"https:\/\/eldiariodesanpedro.com.ar\/sitio\/wp-json\/wp\/v2\/comments?post=34185"}],"version-history":[{"count":2,"href":"https:\/\/eldiariodesanpedro.com.ar\/sitio\/wp-json\/wp\/v2\/posts\/34185\/revisions"}],"predecessor-version":[{"id":34191,"href":"https:\/\/eldiariodesanpedro.com.ar\/sitio\/wp-json\/wp\/v2\/posts\/34185\/revisions\/34191"}],"wp:featuredmedia":[{"embeddable":true,"href":"https:\/\/eldiariodesanpedro.com.ar\/sitio\/wp-json\/wp\/v2\/media\/22319"}],"wp:attachment":[{"href":"https:\/\/eldiariodesanpedro.com.ar\/sitio\/wp-json\/wp\/v2\/media?parent=34185"}],"wp:term":[{"taxonomy":"category","embeddable":true,"href":"https:\/\/eldiariodesanpedro.com.ar\/sitio\/wp-json\/wp\/v2\/categories?post=34185"},{"taxonomy":"post_tag","embeddable":true,"href":"https:\/\/eldiariodesanpedro.com.ar\/sitio\/wp-json\/wp\/v2\/tags?post=34185"}],"curies":[{"name":"wp","href":"https:\/\/api.w.org\/{rel}","templated":true}]}}