{"id":34184,"date":"2018-06-04T20:10:11","date_gmt":"2018-06-04T23:10:11","guid":{"rendered":"https:\/\/eldiariodesanpedro.com.ar\/sitio\/?p=34184"},"modified":"2018-06-04T20:10:11","modified_gmt":"2018-06-04T23:10:11","slug":"ardio-un-viejo-galpon-de-empaque-en-gdor-castro","status":"publish","type":"post","link":"https:\/\/eldiariodesanpedro.com.ar\/sitio\/ardio-un-viejo-galpon-de-empaque-en-gdor-castro\/","title":{"rendered":"Ardi\u00f3 un viejo galp\u00f3n de empaque en Gdor. Castro"},"content":{"rendered":"<p><!-- VideographyWP Plugin Message: Automatic video embedding prevented by plugin options. --><br \/>\nEl lugar pertenece a la firma La Magnolia y desde hace varios a\u00f1os est\u00e1 en desuso. Por cuestiones que se tratan de establecer tom\u00f3 fuego y se quem\u00f3 parte de lo que hab\u00eda en su interior.<\/p>\n<p>  Sobre la tarde del domingo se produjo el incendio de un galp\u00f3n en la localidad de Gobernador Castro. El mismo se encuentra ubicado en inmediaciones de calles San Juan y Sarmiento y, es el mismo que hace muchos a\u00f1os perteneci\u00f3 a la firma frut\u00edcola L\u00f3pez; actualmente es propiedad de La Magnolia.<\/p>\n<p>  En ese lugar funcion\u00f3 una planta embaladora que luego cerr\u00f3 sus puertas y desde hace un tiempo fue alquilada para efectuar tareas de reciclado de pl\u00e1sticos, aunque nunca funcion\u00f3. Ahora, por cuestiones que se tratan de establecer se incendiaron los pl\u00e1sticos y desperdicios que hab\u00eda en el interior del galp\u00f3n generando una importante columna de humo y llamas de varios metros de altura.<\/p>\n<p>  El fuego afect\u00f3 lo que antiguamente fueron las c\u00e1maras frigor\u00edficas de la ex planta frut\u00edcola y las p\u00e9rdidas fueron pr\u00e1cticamente totales.  <\/p>\n<p>  Intervinieron los Bomberos de Gdor. Castro, quienes luego de unas dos horas de trabajo lograron extinguir el siniestro. <\/p>\n<p>Fuente: San Pedro Informa &#8211; Fm G\u00e9nesis<\/p>\n","protected":false},"excerpt":{"rendered":"<p>El lugar pertenece a la firma La Magnolia y desde hace varios a\u00f1os est\u00e1 en desuso. Por cuestiones que se tratan de establecer tom\u00f3 fuego y se quem\u00f3 parte de lo que hab\u00eda en su interior. Sobre la tarde del domingo se produjo el incendio de un galp\u00f3n en la localidad de Gobernador Castro. El [&hellip;]<\/p>\n","protected":false},"author":4,"featured_media":34186,"comment_status":"open","ping_status":"closed","sticky":false,"template":"","format":"standard","meta":{"om_disable_all_campaigns":false,"_jetpack_memberships_contains_paid_content":false,"footnotes":""},"categories":[2,103],"tags":[],"class_list":["post-34184","post","type-post","status-publish","format-standard","has-post-thumbnail","hentry","category-locales","category-policiales-locales"],"aioseo_notices":[],"gutentor_comment":0,"jetpack_featured_media_url":"https:\/\/eldiariodesanpedro.com.ar\/sitio\/wp-content\/uploads\/2018\/06\/Ardi\u00f3-un-viejo-galp\u00f3n-de-empaque-en-Gdor.-Castro.jpg","jetpack_shortlink":"https:\/\/wp.me\/p6RhLt-8Tm","jetpack_sharing_enabled":true,"_links":{"self":[{"href":"https:\/\/eldiariodesanpedro.com.ar\/sitio\/wp-json\/wp\/v2\/posts\/34184","targetHints":{"allow":["GET"]}}],"collection":[{"href":"https:\/\/eldiariodesanpedro.com.ar\/sitio\/wp-json\/wp\/v2\/posts"}],"about":[{"href":"https:\/\/eldiariodesanpedro.com.ar\/sitio\/wp-json\/wp\/v2\/types\/post"}],"author":[{"embeddable":true,"href":"https:\/\/eldiariodesanpedro.com.ar\/sitio\/wp-json\/wp\/v2\/users\/4"}],"replies":[{"embeddable":true,"href":"https:\/\/eldiariodesanpedro.com.ar\/sitio\/wp-json\/wp\/v2\/comments?post=34184"}],"version-history":[{"count":1,"href":"https:\/\/eldiariodesanpedro.com.ar\/sitio\/wp-json\/wp\/v2\/posts\/34184\/revisions"}],"predecessor-version":[{"id":34188,"href":"https:\/\/eldiariodesanpedro.com.ar\/sitio\/wp-json\/wp\/v2\/posts\/34184\/revisions\/34188"}],"wp:featuredmedia":[{"embeddable":true,"href":"https:\/\/eldiariodesanpedro.com.ar\/sitio\/wp-json\/wp\/v2\/media\/34186"}],"wp:attachment":[{"href":"https:\/\/eldiariodesanpedro.com.ar\/sitio\/wp-json\/wp\/v2\/media?parent=34184"}],"wp:term":[{"taxonomy":"category","embeddable":true,"href":"https:\/\/eldiariodesanpedro.com.ar\/sitio\/wp-json\/wp\/v2\/categories?post=34184"},{"taxonomy":"post_tag","embeddable":true,"href":"https:\/\/eldiariodesanpedro.com.ar\/sitio\/wp-json\/wp\/v2\/tags?post=34184"}],"curies":[{"name":"wp","href":"https:\/\/api.w.org\/{rel}","templated":true}]}}