{"id":34183,"date":"2018-06-04T20:10:06","date_gmt":"2018-06-04T23:10:06","guid":{"rendered":"https:\/\/eldiariodesanpedro.com.ar\/sitio\/?p=34183"},"modified":"2018-06-04T20:10:06","modified_gmt":"2018-06-04T23:10:06","slug":"un-joven-resulto-lesionado-en-un-accidente-de-transito","status":"publish","type":"post","link":"https:\/\/eldiariodesanpedro.com.ar\/sitio\/un-joven-resulto-lesionado-en-un-accidente-de-transito\/","title":{"rendered":"Un joven result\u00f3 lesionado en un accidente de tr\u00e1nsito"},"content":{"rendered":"<p><!-- VideographyWP Plugin Message: Automatic video embedding prevented by plugin options. --><br \/>\n  Este domingo por la tarde se produjo accidente de tr\u00e1nsito en la intersecci\u00f3n de calles D\u00e1vila y Manuel Iglesias.<br \/>\n  Una camioneta Renault Kangoo conducida por una mujer de 50 a\u00f1os, embisti\u00f3 a una motocicleta tipo 110 cc conducida por joven de 22 a\u00f1os. <\/p>\n<p>  Como consecuencia del impacto, el conductor de la moto result\u00f3 con lesiones y debi\u00f3 ser trasladado al Hospital local. <\/p>\n<p>  Interviene la UFI 11<\/p>\n","protected":false},"excerpt":{"rendered":"<p>Este domingo por la tarde se produjo accidente de tr\u00e1nsito en la intersecci\u00f3n de calles D\u00e1vila y Manuel Iglesias. Una camioneta Renault Kangoo conducida por una mujer de 50 a\u00f1os, embisti\u00f3 a una motocicleta tipo 110 cc conducida por joven de 22 a\u00f1os. Como consecuencia del impacto, el conductor de la moto result\u00f3 con lesiones [&hellip;]<\/p>\n","protected":false},"author":4,"featured_media":10265,"comment_status":"open","ping_status":"closed","sticky":false,"template":"","format":"standard","meta":{"om_disable_all_campaigns":false,"_jetpack_memberships_contains_paid_content":false,"footnotes":""},"categories":[2,103],"tags":[],"class_list":["post-34183","post","type-post","status-publish","format-standard","has-post-thumbnail","hentry","category-locales","category-policiales-locales"],"aioseo_notices":[],"gutentor_comment":0,"jetpack_featured_media_url":"https:\/\/eldiariodesanpedro.com.ar\/sitio\/wp-content\/uploads\/2016\/11\/hospital-san-pedro.jpg","jetpack_shortlink":"https:\/\/wp.me\/p6RhLt-8Tl","jetpack_sharing_enabled":true,"_links":{"self":[{"href":"https:\/\/eldiariodesanpedro.com.ar\/sitio\/wp-json\/wp\/v2\/posts\/34183","targetHints":{"allow":["GET"]}}],"collection":[{"href":"https:\/\/eldiariodesanpedro.com.ar\/sitio\/wp-json\/wp\/v2\/posts"}],"about":[{"href":"https:\/\/eldiariodesanpedro.com.ar\/sitio\/wp-json\/wp\/v2\/types\/post"}],"author":[{"embeddable":true,"href":"https:\/\/eldiariodesanpedro.com.ar\/sitio\/wp-json\/wp\/v2\/users\/4"}],"replies":[{"embeddable":true,"href":"https:\/\/eldiariodesanpedro.com.ar\/sitio\/wp-json\/wp\/v2\/comments?post=34183"}],"version-history":[{"count":1,"href":"https:\/\/eldiariodesanpedro.com.ar\/sitio\/wp-json\/wp\/v2\/posts\/34183\/revisions"}],"predecessor-version":[{"id":34187,"href":"https:\/\/eldiariodesanpedro.com.ar\/sitio\/wp-json\/wp\/v2\/posts\/34183\/revisions\/34187"}],"wp:featuredmedia":[{"embeddable":true,"href":"https:\/\/eldiariodesanpedro.com.ar\/sitio\/wp-json\/wp\/v2\/media\/10265"}],"wp:attachment":[{"href":"https:\/\/eldiariodesanpedro.com.ar\/sitio\/wp-json\/wp\/v2\/media?parent=34183"}],"wp:term":[{"taxonomy":"category","embeddable":true,"href":"https:\/\/eldiariodesanpedro.com.ar\/sitio\/wp-json\/wp\/v2\/categories?post=34183"},{"taxonomy":"post_tag","embeddable":true,"href":"https:\/\/eldiariodesanpedro.com.ar\/sitio\/wp-json\/wp\/v2\/tags?post=34183"}],"curies":[{"name":"wp","href":"https:\/\/api.w.org\/{rel}","templated":true}]}}