{"id":34179,"date":"2018-06-04T12:49:09","date_gmt":"2018-06-04T15:49:09","guid":{"rendered":"https:\/\/eldiariodesanpedro.com.ar\/sitio\/?p=34179"},"modified":"2018-06-04T12:49:09","modified_gmt":"2018-06-04T15:49:09","slug":"tasas-municipales-vencimientos-de-junio-y-modalidades-de-pago","status":"publish","type":"post","link":"https:\/\/eldiariodesanpedro.com.ar\/sitio\/tasas-municipales-vencimientos-de-junio-y-modalidades-de-pago\/","title":{"rendered":"Tasas Municipales: Vencimientos de Junio y Modalidades de Pago"},"content":{"rendered":"<p><!-- VideographyWP Plugin Message: Automatic video embedding prevented by plugin options. --><br \/>\nLa Municipalidad de San Pedro recuerda que para el pago de tasas se encuentran disponibles diferentes herramientas para simplificar los tr\u00e1mites. Adem\u00e1s del pago en las cajas del Palacio Municipal se pueden pagar las facturas con tarjeta de debito VISA, Mastercard y Maestro. Se encuentran disponibles las facturas electr\u00f3nicas de ABL y Servicios Sanitarios y para cualquier consulta del \u00e1rea de Rentas se puede escribir al correo electr\u00f3nico a atencionalcontribuyente@sanpedro.gob.ar.<\/p>\n<p>Los vencimientos del mes de Junio son:<\/p>\n<p>*Alumbrado, Barrido y Limpieza (cuota 3\/2018).<br \/>\n*Servicio Sanitario Medido (cuota 6\/2018).<br \/>\n*Seguridad e Higiene IIBB (5\/2018 \u2013 Vencimiento 26\/06\/2018).<br \/>\n*Seguridad e Higiene M\u00ednimos Especiales (6\/2018)<br \/>\n*Tasa de Cementerio (cuota 2018)<br \/>\n*Tasa de RED VIAL (cuota 2\/2018)<br \/>\n*Uso y ocupaci\u00f3n de espacio p\u00fablico (cuota 6\/2018).<br \/>\n*Convenios de Pago no asociados.<br \/>\n*Moratorias Ord. 6111 no asociados.<\/p>\n","protected":false},"excerpt":{"rendered":"<p>La Municipalidad de San Pedro recuerda que para el pago de tasas se encuentran disponibles diferentes herramientas para simplificar los tr\u00e1mites. Adem\u00e1s del pago en las cajas del Palacio Municipal se pueden pagar las facturas con tarjeta de debito VISA, Mastercard y Maestro. Se encuentran disponibles las facturas electr\u00f3nicas de ABL y Servicios Sanitarios y [&hellip;]<\/p>\n","protected":false},"author":4,"featured_media":34180,"comment_status":"open","ping_status":"closed","sticky":false,"template":"","format":"standard","meta":{"om_disable_all_campaigns":false,"_jetpack_memberships_contains_paid_content":false,"footnotes":""},"categories":[101,2],"tags":[],"class_list":["post-34179","post","type-post","status-publish","format-standard","has-post-thumbnail","hentry","category-interes-general-locales","category-locales"],"aioseo_notices":[],"gutentor_comment":0,"jetpack_featured_media_url":"https:\/\/eldiariodesanpedro.com.ar\/sitio\/wp-content\/uploads\/2018\/06\/Rentas-Informa28-03-2018.png","jetpack_shortlink":"https:\/\/wp.me\/p6RhLt-8Th","jetpack_sharing_enabled":true,"_links":{"self":[{"href":"https:\/\/eldiariodesanpedro.com.ar\/sitio\/wp-json\/wp\/v2\/posts\/34179","targetHints":{"allow":["GET"]}}],"collection":[{"href":"https:\/\/eldiariodesanpedro.com.ar\/sitio\/wp-json\/wp\/v2\/posts"}],"about":[{"href":"https:\/\/eldiariodesanpedro.com.ar\/sitio\/wp-json\/wp\/v2\/types\/post"}],"author":[{"embeddable":true,"href":"https:\/\/eldiariodesanpedro.com.ar\/sitio\/wp-json\/wp\/v2\/users\/4"}],"replies":[{"embeddable":true,"href":"https:\/\/eldiariodesanpedro.com.ar\/sitio\/wp-json\/wp\/v2\/comments?post=34179"}],"version-history":[{"count":1,"href":"https:\/\/eldiariodesanpedro.com.ar\/sitio\/wp-json\/wp\/v2\/posts\/34179\/revisions"}],"predecessor-version":[{"id":34181,"href":"https:\/\/eldiariodesanpedro.com.ar\/sitio\/wp-json\/wp\/v2\/posts\/34179\/revisions\/34181"}],"wp:featuredmedia":[{"embeddable":true,"href":"https:\/\/eldiariodesanpedro.com.ar\/sitio\/wp-json\/wp\/v2\/media\/34180"}],"wp:attachment":[{"href":"https:\/\/eldiariodesanpedro.com.ar\/sitio\/wp-json\/wp\/v2\/media?parent=34179"}],"wp:term":[{"taxonomy":"category","embeddable":true,"href":"https:\/\/eldiariodesanpedro.com.ar\/sitio\/wp-json\/wp\/v2\/categories?post=34179"},{"taxonomy":"post_tag","embeddable":true,"href":"https:\/\/eldiariodesanpedro.com.ar\/sitio\/wp-json\/wp\/v2\/tags?post=34179"}],"curies":[{"name":"wp","href":"https:\/\/api.w.org\/{rel}","templated":true}]}}