{"id":34177,"date":"2018-06-04T12:41:14","date_gmt":"2018-06-04T15:41:14","guid":{"rendered":"https:\/\/eldiariodesanpedro.com.ar\/sitio\/?p=34177"},"modified":"2018-06-04T12:41:14","modified_gmt":"2018-06-04T15:41:14","slug":"una-familia-fue-sorprendida-por-delincuentes-mientras-dormia","status":"publish","type":"post","link":"https:\/\/eldiariodesanpedro.com.ar\/sitio\/una-familia-fue-sorprendida-por-delincuentes-mientras-dormia\/","title":{"rendered":"Una familia fue sorprendida por delincuentes mientras dorm\u00eda"},"content":{"rendered":"<p><!-- VideographyWP Plugin Message: Automatic video embedding prevented by plugin options. --><br \/>\nTres delincuentes sorprendieron a una familia mientras dorm\u00eda. Los intimidaron con armas blancas hasta sustraerles dinero en efectivo, durante dos horas estuvieron amedrentando a la familia para dar con el dinero que ten\u00edan guardado. Luego, se fugaron.<\/p>\n<p>  El hecho ocurri\u00f3 en horas de la madrugada de este lunes, cuando tres delincuentes encapuchados ingresaron a una vivienda ubicada sobre calle Javier Rivero al 1778, irrumpiendo por la puerta principal.<\/p>\n<p>  Los encapuchados llegaron a la habitaci\u00f3n donde la familia dorm\u00eda. All\u00ed, sorprendieron a la mujer que estaba con sus cuatro hijos y, los intimidaron amenaz\u00e1ndolos con armas blancas. En el lugar estaba la mujer con su hijo de 22, otro de 18 y las tres mujeres de 20, 14 y la mas peque\u00f1a de 7 a\u00f1os.<\/p>\n<p>  Los ladrones se llevaron 30000 pesos en efectivo que la familia venia ahorrando para el cumplea\u00f1os de 15 de su hija, dinero en efectivo que tenia su madre y los tel\u00e9fonos celulares luego d\u00e1ndose a la fuga del lugar. Afortunadamente, no hubo v\u00edctimas.<\/p>\n<p>  Interviene en el hecho la UFI 11 y la DDI local.<\/p>\n","protected":false},"excerpt":{"rendered":"<p>Tres delincuentes sorprendieron a una familia mientras dorm\u00eda. Los intimidaron con armas blancas hasta sustraerles dinero en efectivo, durante dos horas estuvieron amedrentando a la familia para dar con el dinero que ten\u00edan guardado. Luego, se fugaron. El hecho ocurri\u00f3 en horas de la madrugada de este lunes, cuando tres delincuentes encapuchados ingresaron a una [&hellip;]<\/p>\n","protected":false},"author":4,"featured_media":26950,"comment_status":"open","ping_status":"closed","sticky":false,"template":"","format":"standard","meta":{"om_disable_all_campaigns":false,"_jetpack_memberships_contains_paid_content":false,"footnotes":""},"categories":[2,103],"tags":[],"class_list":["post-34177","post","type-post","status-publish","format-standard","has-post-thumbnail","hentry","category-locales","category-policiales-locales"],"aioseo_notices":[],"gutentor_comment":0,"jetpack_featured_media_url":"https:\/\/eldiariodesanpedro.com.ar\/sitio\/wp-content\/uploads\/2017\/12\/patrulleros-tarde-noche.jpg","jetpack_shortlink":"https:\/\/wp.me\/p6RhLt-8Tf","jetpack_sharing_enabled":true,"_links":{"self":[{"href":"https:\/\/eldiariodesanpedro.com.ar\/sitio\/wp-json\/wp\/v2\/posts\/34177","targetHints":{"allow":["GET"]}}],"collection":[{"href":"https:\/\/eldiariodesanpedro.com.ar\/sitio\/wp-json\/wp\/v2\/posts"}],"about":[{"href":"https:\/\/eldiariodesanpedro.com.ar\/sitio\/wp-json\/wp\/v2\/types\/post"}],"author":[{"embeddable":true,"href":"https:\/\/eldiariodesanpedro.com.ar\/sitio\/wp-json\/wp\/v2\/users\/4"}],"replies":[{"embeddable":true,"href":"https:\/\/eldiariodesanpedro.com.ar\/sitio\/wp-json\/wp\/v2\/comments?post=34177"}],"version-history":[{"count":1,"href":"https:\/\/eldiariodesanpedro.com.ar\/sitio\/wp-json\/wp\/v2\/posts\/34177\/revisions"}],"predecessor-version":[{"id":34178,"href":"https:\/\/eldiariodesanpedro.com.ar\/sitio\/wp-json\/wp\/v2\/posts\/34177\/revisions\/34178"}],"wp:featuredmedia":[{"embeddable":true,"href":"https:\/\/eldiariodesanpedro.com.ar\/sitio\/wp-json\/wp\/v2\/media\/26950"}],"wp:attachment":[{"href":"https:\/\/eldiariodesanpedro.com.ar\/sitio\/wp-json\/wp\/v2\/media?parent=34177"}],"wp:term":[{"taxonomy":"category","embeddable":true,"href":"https:\/\/eldiariodesanpedro.com.ar\/sitio\/wp-json\/wp\/v2\/categories?post=34177"},{"taxonomy":"post_tag","embeddable":true,"href":"https:\/\/eldiariodesanpedro.com.ar\/sitio\/wp-json\/wp\/v2\/tags?post=34177"}],"curies":[{"name":"wp","href":"https:\/\/api.w.org\/{rel}","templated":true}]}}