{"id":34175,"date":"2018-06-04T12:22:11","date_gmt":"2018-06-04T15:22:11","guid":{"rendered":"https:\/\/eldiariodesanpedro.com.ar\/sitio\/?p=34175"},"modified":"2018-06-04T12:22:11","modified_gmt":"2018-06-04T15:22:11","slug":"amenazo-a-su-ex-intento-entrar-a-su-domicilio-y-fue-aprehendido","status":"publish","type":"post","link":"https:\/\/eldiariodesanpedro.com.ar\/sitio\/amenazo-a-su-ex-intento-entrar-a-su-domicilio-y-fue-aprehendido\/","title":{"rendered":"Amenaz\u00f3 a su ex , intent\u00f3 entrar a su domicilio y fue aprehendido"},"content":{"rendered":"<p><!-- VideographyWP Plugin Message: Automatic video embedding prevented by plugin options. --><br \/>\nUn joven amenaz\u00f3 a su ex pareja e intent\u00f3 entrar a su domicilio provocando da\u00f1os en la ventana de su vivienda.<\/p>\n<p>  El hecho ocurri\u00f3 el domingo por la noche en la vecina localidad de Santa Luc\u00eda, cuando un joven de 18 a\u00f1os intentaba agredir a su ex pareja que se encontraba en su vivienda ubicada sobre calle F. C. Rodr\u00edguez al 800.<\/p>\n<p>  Su ex mujer, de 30 a\u00f1os, dio aviso a la polic\u00eda y se pudo aprehender r\u00e1pidamente al joven. \u00c9ste hab\u00eda amenazado a la mujer y se encontraba da\u00f1ando la ventana de la vivienda.<\/p>\n<p>  Asimismo, se procedi\u00f3 al trasladado del agresor a la Comisar\u00eda local, donde quedar\u00e1 alojado a la espera de su presentaci\u00f3n ante el Magistrado a cargo de la UFI 11.<\/p>\n","protected":false},"excerpt":{"rendered":"<p>Un joven amenaz\u00f3 a su ex pareja e intent\u00f3 entrar a su domicilio provocando da\u00f1os en la ventana de su vivienda. El hecho ocurri\u00f3 el domingo por la noche en la vecina localidad de Santa Luc\u00eda, cuando un joven de 18 a\u00f1os intentaba agredir a su ex pareja que se encontraba en su vivienda ubicada [&hellip;]<\/p>\n","protected":false},"author":4,"featured_media":26677,"comment_status":"open","ping_status":"closed","sticky":false,"template":"","format":"standard","meta":{"om_disable_all_campaigns":false,"_jetpack_memberships_contains_paid_content":false,"footnotes":""},"categories":[2,103],"tags":[],"class_list":["post-34175","post","type-post","status-publish","format-standard","has-post-thumbnail","hentry","category-locales","category-policiales-locales"],"aioseo_notices":[],"gutentor_comment":0,"jetpack_featured_media_url":"https:\/\/eldiariodesanpedro.com.ar\/sitio\/wp-content\/uploads\/2017\/12\/patrullas-policia-noche.jpg","jetpack_shortlink":"https:\/\/wp.me\/p6RhLt-8Td","jetpack_sharing_enabled":true,"_links":{"self":[{"href":"https:\/\/eldiariodesanpedro.com.ar\/sitio\/wp-json\/wp\/v2\/posts\/34175","targetHints":{"allow":["GET"]}}],"collection":[{"href":"https:\/\/eldiariodesanpedro.com.ar\/sitio\/wp-json\/wp\/v2\/posts"}],"about":[{"href":"https:\/\/eldiariodesanpedro.com.ar\/sitio\/wp-json\/wp\/v2\/types\/post"}],"author":[{"embeddable":true,"href":"https:\/\/eldiariodesanpedro.com.ar\/sitio\/wp-json\/wp\/v2\/users\/4"}],"replies":[{"embeddable":true,"href":"https:\/\/eldiariodesanpedro.com.ar\/sitio\/wp-json\/wp\/v2\/comments?post=34175"}],"version-history":[{"count":1,"href":"https:\/\/eldiariodesanpedro.com.ar\/sitio\/wp-json\/wp\/v2\/posts\/34175\/revisions"}],"predecessor-version":[{"id":34176,"href":"https:\/\/eldiariodesanpedro.com.ar\/sitio\/wp-json\/wp\/v2\/posts\/34175\/revisions\/34176"}],"wp:featuredmedia":[{"embeddable":true,"href":"https:\/\/eldiariodesanpedro.com.ar\/sitio\/wp-json\/wp\/v2\/media\/26677"}],"wp:attachment":[{"href":"https:\/\/eldiariodesanpedro.com.ar\/sitio\/wp-json\/wp\/v2\/media?parent=34175"}],"wp:term":[{"taxonomy":"category","embeddable":true,"href":"https:\/\/eldiariodesanpedro.com.ar\/sitio\/wp-json\/wp\/v2\/categories?post=34175"},{"taxonomy":"post_tag","embeddable":true,"href":"https:\/\/eldiariodesanpedro.com.ar\/sitio\/wp-json\/wp\/v2\/tags?post=34175"}],"curies":[{"name":"wp","href":"https:\/\/api.w.org\/{rel}","templated":true}]}}