{"id":34172,"date":"2018-06-04T12:19:11","date_gmt":"2018-06-04T15:19:11","guid":{"rendered":"https:\/\/eldiariodesanpedro.com.ar\/sitio\/?p=34172"},"modified":"2018-06-04T12:19:11","modified_gmt":"2018-06-04T15:19:11","slug":"delincuentes-fueron-aprehendidos-cuando-se-escapaban-por-la-ventana-de-un-restaurante","status":"publish","type":"post","link":"https:\/\/eldiariodesanpedro.com.ar\/sitio\/delincuentes-fueron-aprehendidos-cuando-se-escapaban-por-la-ventana-de-un-restaurante\/","title":{"rendered":"Delincuentes fueron aprehendidos cuando se escapaban por la ventana de un restaurante"},"content":{"rendered":"<p><!-- VideographyWP Plugin Message: Automatic video embedding prevented by plugin options. --><br \/>\nDos j\u00f3venes  ingresaron a un restaurante para cometer un robo y fueron aprehendidos por la polic\u00eda cuando intentaban fugarse del lugar. Dos tijerones que utilizaban a modo ganz\u00faa fueron secuestrados en su poder.<\/p>\n<p>  Este lunes por la madrugada la polic\u00eda de nuestra ciudad sorprendi\u00f3 a dos j\u00f3venes que estaban saliendo por una ventana  del restaurante La Matrera, ubicado sobre la Av. 11 de Septiembre y calle San Lorenzo.<\/p>\n<p>  Se trataba de dos delincuentes,  uno de 26 a\u00f1os y otro de 20, quienes hab\u00edan ingresado al lugar violentando la ventana. Al momento de ser aprehendidos se resistieron e intentaron agredir f\u00edsicamente al personal policial.<\/p>\n<p>  En su poder ten\u00edan dos tijerones que utilizaron a modo de ganz\u00faa escondidos entre sus prendas, los que fueron secuestrados. Los delincuentes fueron trasladados a la Comisar\u00eda y puestos a disposici\u00f3n de la Fiscal\u00eda N\u00ba11.<\/p>\n","protected":false},"excerpt":{"rendered":"<p>Dos j\u00f3venes ingresaron a un restaurante para cometer un robo y fueron aprehendidos por la polic\u00eda cuando intentaban fugarse del lugar. Dos tijerones que utilizaban a modo ganz\u00faa fueron secuestrados en su poder. Este lunes por la madrugada la polic\u00eda de nuestra ciudad sorprendi\u00f3 a dos j\u00f3venes que estaban saliendo por una ventana del restaurante [&hellip;]<\/p>\n","protected":false},"author":4,"featured_media":34173,"comment_status":"open","ping_status":"closed","sticky":false,"template":"","format":"standard","meta":{"om_disable_all_campaigns":false,"_jetpack_memberships_contains_paid_content":false,"footnotes":""},"categories":[2,103],"tags":[],"class_list":["post-34172","post","type-post","status-publish","format-standard","has-post-thumbnail","hentry","category-locales","category-policiales-locales"],"aioseo_notices":[],"gutentor_comment":0,"jetpack_featured_media_url":"https:\/\/eldiariodesanpedro.com.ar\/sitio\/wp-content\/uploads\/2018\/06\/2018-06-04.png","jetpack_shortlink":"https:\/\/wp.me\/p6RhLt-8Ta","jetpack_sharing_enabled":true,"_links":{"self":[{"href":"https:\/\/eldiariodesanpedro.com.ar\/sitio\/wp-json\/wp\/v2\/posts\/34172","targetHints":{"allow":["GET"]}}],"collection":[{"href":"https:\/\/eldiariodesanpedro.com.ar\/sitio\/wp-json\/wp\/v2\/posts"}],"about":[{"href":"https:\/\/eldiariodesanpedro.com.ar\/sitio\/wp-json\/wp\/v2\/types\/post"}],"author":[{"embeddable":true,"href":"https:\/\/eldiariodesanpedro.com.ar\/sitio\/wp-json\/wp\/v2\/users\/4"}],"replies":[{"embeddable":true,"href":"https:\/\/eldiariodesanpedro.com.ar\/sitio\/wp-json\/wp\/v2\/comments?post=34172"}],"version-history":[{"count":1,"href":"https:\/\/eldiariodesanpedro.com.ar\/sitio\/wp-json\/wp\/v2\/posts\/34172\/revisions"}],"predecessor-version":[{"id":34174,"href":"https:\/\/eldiariodesanpedro.com.ar\/sitio\/wp-json\/wp\/v2\/posts\/34172\/revisions\/34174"}],"wp:featuredmedia":[{"embeddable":true,"href":"https:\/\/eldiariodesanpedro.com.ar\/sitio\/wp-json\/wp\/v2\/media\/34173"}],"wp:attachment":[{"href":"https:\/\/eldiariodesanpedro.com.ar\/sitio\/wp-json\/wp\/v2\/media?parent=34172"}],"wp:term":[{"taxonomy":"category","embeddable":true,"href":"https:\/\/eldiariodesanpedro.com.ar\/sitio\/wp-json\/wp\/v2\/categories?post=34172"},{"taxonomy":"post_tag","embeddable":true,"href":"https:\/\/eldiariodesanpedro.com.ar\/sitio\/wp-json\/wp\/v2\/tags?post=34172"}],"curies":[{"name":"wp","href":"https:\/\/api.w.org\/{rel}","templated":true}]}}