{"id":34165,"date":"2018-06-03T21:07:42","date_gmt":"2018-06-04T00:07:42","guid":{"rendered":"https:\/\/eldiariodesanpedro.com.ar\/sitio\/?p=34165"},"modified":"2026-01-24T00:13:31","modified_gmt":"2026-01-24T03:13:31","slug":"cpdsp-nueva-entrega-de-menciones-a-destacados","status":"publish","type":"post","link":"https:\/\/eldiariodesanpedro.com.ar\/sitio\/cpdsp-nueva-entrega-de-menciones-a-destacados\/","title":{"rendered":"CPDSP: Nueva entrega de menciones a destacados"},"content":{"rendered":"<p><!-- VideographyWP Plugin Message: Automatic video embedding prevented by plugin options. --><br \/>\n  Este viernes se llev\u00f3 a cabo nueva entrega de reconocimientos a destacados del deporte local por el C\u00edrculo de Periodistas Deportivos de San Pedro en la sede de Liga Deportiva Sampedrina recibiendo distinciones deportistas de la regi\u00f3n. <\/p>\n<p>  Abri\u00f3 el acto el flamante Presidente Dr. Jos\u00e9 Ignacio Macchia agradeciendo a los presentes, dirigentes, autoridades, comercios y empresas y deportistas en general por el apoyo que brindan a la entidad durante todo el a\u00f1o, para luego dar inicio a la entrega ante un sal\u00f3n colmado, como ocurre cada vez que el CPDSP hace entrega de reconocimientos, previo a la gran fiesta de cada a\u00f1o. En esta ocasi\u00f3n fue para:<\/p>\n<p>Yachting: Dante Cittadini.<br \/>\nCanotaje: Rebeca D\u00b4Est\u00e9fano y Valent\u00edn Rossi.<br \/>\nNataci\u00f3n: Equipo Promocionales Club Pescadores y N\u00e1utica San Pedro campe\u00f3n de Fannba.<br \/>\nBochas: Germ\u00e1n Ledesma &#8211; Ulises Far\u00edas y Santiago Piriz.<br \/>\nCiclismo; Juan J. Paz &#8211; Nicol\u00e1s A. Culicinio y Estanislao Genoud.<\/p>\n","protected":false},"excerpt":{"rendered":"<p>Este viernes se llev\u00f3 a cabo nueva entrega de reconocimientos a destacados del deporte local por el C\u00edrculo de Periodistas Deportivos de San Pedro en la sede de Liga Deportiva Sampedrina recibiendo distinciones deportistas de la regi\u00f3n. Abri\u00f3 el acto el flamante Presidente Dr. Jos\u00e9 Ignacio Macchia agradeciendo a los presentes, dirigentes, autoridades, comercios y [&hellip;]<\/p>\n","protected":false},"author":4,"featured_media":34168,"comment_status":"open","ping_status":"closed","sticky":false,"template":"","format":"standard","meta":{"om_disable_all_campaigns":false,"_jetpack_memberships_contains_paid_content":false,"footnotes":""},"categories":[5],"tags":[],"class_list":["post-34165","post","type-post","status-publish","format-standard","has-post-thumbnail","hentry","category-deportes"],"aioseo_notices":[],"gutentor_comment":0,"jetpack_featured_media_url":"https:\/\/eldiariodesanpedro.com.ar\/sitio\/wp-content\/uploads\/2018\/06\/Deportistas-recibieron-distinci\u00f3n-del-C\u00edrculo.jpg","jetpack_shortlink":"https:\/\/wp.me\/p6RhLt-8T3","jetpack_sharing_enabled":true,"_links":{"self":[{"href":"https:\/\/eldiariodesanpedro.com.ar\/sitio\/wp-json\/wp\/v2\/posts\/34165","targetHints":{"allow":["GET"]}}],"collection":[{"href":"https:\/\/eldiariodesanpedro.com.ar\/sitio\/wp-json\/wp\/v2\/posts"}],"about":[{"href":"https:\/\/eldiariodesanpedro.com.ar\/sitio\/wp-json\/wp\/v2\/types\/post"}],"author":[{"embeddable":true,"href":"https:\/\/eldiariodesanpedro.com.ar\/sitio\/wp-json\/wp\/v2\/users\/4"}],"replies":[{"embeddable":true,"href":"https:\/\/eldiariodesanpedro.com.ar\/sitio\/wp-json\/wp\/v2\/comments?post=34165"}],"version-history":[{"count":1,"href":"https:\/\/eldiariodesanpedro.com.ar\/sitio\/wp-json\/wp\/v2\/posts\/34165\/revisions"}],"predecessor-version":[{"id":34169,"href":"https:\/\/eldiariodesanpedro.com.ar\/sitio\/wp-json\/wp\/v2\/posts\/34165\/revisions\/34169"}],"wp:featuredmedia":[{"embeddable":true,"href":"https:\/\/eldiariodesanpedro.com.ar\/sitio\/wp-json\/wp\/v2\/media\/34168"}],"wp:attachment":[{"href":"https:\/\/eldiariodesanpedro.com.ar\/sitio\/wp-json\/wp\/v2\/media?parent=34165"}],"wp:term":[{"taxonomy":"category","embeddable":true,"href":"https:\/\/eldiariodesanpedro.com.ar\/sitio\/wp-json\/wp\/v2\/categories?post=34165"},{"taxonomy":"post_tag","embeddable":true,"href":"https:\/\/eldiariodesanpedro.com.ar\/sitio\/wp-json\/wp\/v2\/tags?post=34165"}],"curies":[{"name":"wp","href":"https:\/\/api.w.org\/{rel}","templated":true}]}}