{"id":34155,"date":"2018-06-03T20:55:14","date_gmt":"2018-06-03T23:55:14","guid":{"rendered":"https:\/\/eldiariodesanpedro.com.ar\/sitio\/?p=34155"},"modified":"2018-06-03T20:55:14","modified_gmt":"2018-06-03T23:55:14","slug":"un-joven-herido-tras-ser-arrollado-por-un-automovil-que-se-dio-a-la-fuga","status":"publish","type":"post","link":"https:\/\/eldiariodesanpedro.com.ar\/sitio\/un-joven-herido-tras-ser-arrollado-por-un-automovil-que-se-dio-a-la-fuga\/","title":{"rendered":"Un joven herido tras ser arrollado por un autom\u00f3vil que se dio a la fuga"},"content":{"rendered":"<p><!-- VideographyWP Plugin Message: Automatic video embedding prevented by plugin options. --><br \/>\nEste s\u00e1bado se produjo un accidente de tr\u00e1nsito donde result\u00f3 gravemente herido un joven que, se encuentra en terapia intensiva tras ser atropellado por un veh\u00edculo que se dio a la fuga.<\/p>\n<p>  Este s\u00e1bado alrededor de las 23 hs se produjo un accidente de tr\u00e1nsito en la esquina de calles Benefactora Sampedrina y Ayacucho. Un joven de 18 a\u00f1os, Franco Casco, circulaba en su motocicleta y fue embestido por un autom\u00f3vil que se dio a la fuga, dej\u00e1ndolo tendido en la v\u00eda p\u00fablica inconsciente.<\/p>\n<p>  R\u00e1pidamente, el joven fue trasladado a la Guardia del Hospital local por el servicio del SAME donde fue asistido. Tras realizarle una tomograf\u00eda, los m\u00e9dicos dictaminaron una fractura de cr\u00e1neo y un co\u00e1gulo en su cabeza, por lo que se lo mantuvo internado en Terapia Intensiva hasta ser trasladado, el domingo a las 8 hs., a un centro de mayor complejidad: Cl\u00ednica Constituyentes de la localidad de Mor\u00f3n. <\/p>\n<p>  Investiga el caso la DDI de San Pedro para tratar de dar con el conductor y el veh\u00edculo que provoc\u00f3 el hecho.  <\/p>\n","protected":false},"excerpt":{"rendered":"<p>Este s\u00e1bado se produjo un accidente de tr\u00e1nsito donde result\u00f3 gravemente herido un joven que, se encuentra en terapia intensiva tras ser atropellado por un veh\u00edculo que se dio a la fuga. Este s\u00e1bado alrededor de las 23 hs se produjo un accidente de tr\u00e1nsito en la esquina de calles Benefactora Sampedrina y Ayacucho. Un [&hellip;]<\/p>\n","protected":false},"author":4,"featured_media":31339,"comment_status":"open","ping_status":"closed","sticky":false,"template":"","format":"standard","meta":{"om_disable_all_campaigns":false,"_jetpack_memberships_contains_paid_content":false,"footnotes":""},"categories":[2,103],"tags":[],"class_list":["post-34155","post","type-post","status-publish","format-standard","has-post-thumbnail","hentry","category-locales","category-policiales-locales"],"aioseo_notices":[],"gutentor_comment":0,"jetpack_featured_media_url":"https:\/\/eldiariodesanpedro.com.ar\/sitio\/wp-content\/uploads\/2018\/04\/same_658x400.jpg","jetpack_shortlink":"https:\/\/wp.me\/p6RhLt-8ST","jetpack_sharing_enabled":true,"_links":{"self":[{"href":"https:\/\/eldiariodesanpedro.com.ar\/sitio\/wp-json\/wp\/v2\/posts\/34155","targetHints":{"allow":["GET"]}}],"collection":[{"href":"https:\/\/eldiariodesanpedro.com.ar\/sitio\/wp-json\/wp\/v2\/posts"}],"about":[{"href":"https:\/\/eldiariodesanpedro.com.ar\/sitio\/wp-json\/wp\/v2\/types\/post"}],"author":[{"embeddable":true,"href":"https:\/\/eldiariodesanpedro.com.ar\/sitio\/wp-json\/wp\/v2\/users\/4"}],"replies":[{"embeddable":true,"href":"https:\/\/eldiariodesanpedro.com.ar\/sitio\/wp-json\/wp\/v2\/comments?post=34155"}],"version-history":[{"count":1,"href":"https:\/\/eldiariodesanpedro.com.ar\/sitio\/wp-json\/wp\/v2\/posts\/34155\/revisions"}],"predecessor-version":[{"id":34157,"href":"https:\/\/eldiariodesanpedro.com.ar\/sitio\/wp-json\/wp\/v2\/posts\/34155\/revisions\/34157"}],"wp:featuredmedia":[{"embeddable":true,"href":"https:\/\/eldiariodesanpedro.com.ar\/sitio\/wp-json\/wp\/v2\/media\/31339"}],"wp:attachment":[{"href":"https:\/\/eldiariodesanpedro.com.ar\/sitio\/wp-json\/wp\/v2\/media?parent=34155"}],"wp:term":[{"taxonomy":"category","embeddable":true,"href":"https:\/\/eldiariodesanpedro.com.ar\/sitio\/wp-json\/wp\/v2\/categories?post=34155"},{"taxonomy":"post_tag","embeddable":true,"href":"https:\/\/eldiariodesanpedro.com.ar\/sitio\/wp-json\/wp\/v2\/tags?post=34155"}],"curies":[{"name":"wp","href":"https:\/\/api.w.org\/{rel}","templated":true}]}}