{"id":34153,"date":"2018-06-03T20:54:54","date_gmt":"2018-06-03T23:54:54","guid":{"rendered":"https:\/\/eldiariodesanpedro.com.ar\/sitio\/?p=34153"},"modified":"2018-06-03T20:54:54","modified_gmt":"2018-06-03T23:54:54","slug":"un-herido-de-arma-de-fuego-en-el-pasillo-hermano-indio","status":"publish","type":"post","link":"https:\/\/eldiariodesanpedro.com.ar\/sitio\/un-herido-de-arma-de-fuego-en-el-pasillo-hermano-indio\/","title":{"rendered":"Un herido de arma de fuego en el pasillo Hermano Indio"},"content":{"rendered":"<p><!-- VideographyWP Plugin Message: Automatic video embedding prevented by plugin options. --><br \/>\nEn la noche del s\u00e1bado ingres\u00f3 en la Guardia del Hospital Emilio Ruffa el un hombre de 25 a\u00f1os con una herida arma de fuego en su miembro superior derecho, con orificio de entrada y salida, que le hab\u00eda provocado una fractura de h\u00famero.<\/p>\n<p>  La v\u00edctima indic\u00f3 que, cuando se hallaba en Pasillo Bis de Hermano Indio bebiendo junto a otro ciudadano, escuch\u00f3 un estruendo similar a una detonaci\u00f3n de arma de fuego, desconociendo al autor y la procedencia, para luego sentir dolor en zona lesionada. <\/p>\n<p>  R\u00e1pidamente fue auxiliado y traslado al Hospital por su progenitor en un veh\u00edculo particular.<br \/>\n  Seg\u00fan declar\u00f3, no sospecha y desconoce qui\u00e9n podr\u00eda haber efectuado el disparo, ya que no tiene problemas con nadie del lugar.<\/p>\n","protected":false},"excerpt":{"rendered":"<p>En la noche del s\u00e1bado ingres\u00f3 en la Guardia del Hospital Emilio Ruffa el un hombre de 25 a\u00f1os con una herida arma de fuego en su miembro superior derecho, con orificio de entrada y salida, que le hab\u00eda provocado una fractura de h\u00famero. La v\u00edctima indic\u00f3 que, cuando se hallaba en Pasillo Bis de [&hellip;]<\/p>\n","protected":false},"author":4,"featured_media":2624,"comment_status":"open","ping_status":"closed","sticky":false,"template":"","format":"standard","meta":{"om_disable_all_campaigns":false,"_jetpack_memberships_contains_paid_content":false,"footnotes":""},"categories":[2,103],"tags":[],"class_list":["post-34153","post","type-post","status-publish","format-standard","has-post-thumbnail","hentry","category-locales","category-policiales-locales"],"aioseo_notices":[],"gutentor_comment":0,"jetpack_featured_media_url":"https:\/\/eldiariodesanpedro.com.ar\/sitio\/wp-content\/uploads\/2016\/04\/guardia.jpg","jetpack_shortlink":"https:\/\/wp.me\/p6RhLt-8SR","jetpack_sharing_enabled":true,"_links":{"self":[{"href":"https:\/\/eldiariodesanpedro.com.ar\/sitio\/wp-json\/wp\/v2\/posts\/34153","targetHints":{"allow":["GET"]}}],"collection":[{"href":"https:\/\/eldiariodesanpedro.com.ar\/sitio\/wp-json\/wp\/v2\/posts"}],"about":[{"href":"https:\/\/eldiariodesanpedro.com.ar\/sitio\/wp-json\/wp\/v2\/types\/post"}],"author":[{"embeddable":true,"href":"https:\/\/eldiariodesanpedro.com.ar\/sitio\/wp-json\/wp\/v2\/users\/4"}],"replies":[{"embeddable":true,"href":"https:\/\/eldiariodesanpedro.com.ar\/sitio\/wp-json\/wp\/v2\/comments?post=34153"}],"version-history":[{"count":1,"href":"https:\/\/eldiariodesanpedro.com.ar\/sitio\/wp-json\/wp\/v2\/posts\/34153\/revisions"}],"predecessor-version":[{"id":34156,"href":"https:\/\/eldiariodesanpedro.com.ar\/sitio\/wp-json\/wp\/v2\/posts\/34153\/revisions\/34156"}],"wp:featuredmedia":[{"embeddable":true,"href":"https:\/\/eldiariodesanpedro.com.ar\/sitio\/wp-json\/wp\/v2\/media\/2624"}],"wp:attachment":[{"href":"https:\/\/eldiariodesanpedro.com.ar\/sitio\/wp-json\/wp\/v2\/media?parent=34153"}],"wp:term":[{"taxonomy":"category","embeddable":true,"href":"https:\/\/eldiariodesanpedro.com.ar\/sitio\/wp-json\/wp\/v2\/categories?post=34153"},{"taxonomy":"post_tag","embeddable":true,"href":"https:\/\/eldiariodesanpedro.com.ar\/sitio\/wp-json\/wp\/v2\/tags?post=34153"}],"curies":[{"name":"wp","href":"https:\/\/api.w.org\/{rel}","templated":true}]}}