{"id":34150,"date":"2018-06-03T20:52:58","date_gmt":"2018-06-03T23:52:58","guid":{"rendered":"https:\/\/eldiariodesanpedro.com.ar\/sitio\/?p=34150"},"modified":"2018-06-03T20:52:58","modified_gmt":"2018-06-03T23:52:58","slug":"un-menor-aprehendido-cuando-robaba-en-centro-educativo","status":"publish","type":"post","link":"https:\/\/eldiariodesanpedro.com.ar\/sitio\/un-menor-aprehendido-cuando-robaba-en-centro-educativo\/","title":{"rendered":"Un menor aprehendido cuando robaba en Centro Educativo"},"content":{"rendered":"<p><!-- VideographyWP Plugin Message: Automatic video embedding prevented by plugin options. --><br \/>\n  En horas de la madrugada del domingo, personal policial del destacamento de Gobernador Castro en inmediaciones de Centro Educativo de esa localidad procedi\u00f3 a la aprehensi\u00f3n de un joven de 16 a\u00f1os, quien se encontraba violentando ventana trasera del Centro Educativo y quien, con anterioridad, hab\u00eda ingresado al Centro de Jubilados que se ubica en el mismo predio y hab\u00eda sustra\u00eddo elementos tales como un tensi\u00f3metro, estetoscopio, elementos de primeros auxilios, que fueron secuestrados en su poder.<br \/>\n  La UFI del Joven de San Nicol\u00e1s dispuso la notificaci\u00f3n de las actuaciones y la entrega a sus progenitores.<\/p>\n","protected":false},"excerpt":{"rendered":"<p>En horas de la madrugada del domingo, personal policial del destacamento de Gobernador Castro en inmediaciones de Centro Educativo de esa localidad procedi\u00f3 a la aprehensi\u00f3n de un joven de 16 a\u00f1os, quien se encontraba violentando ventana trasera del Centro Educativo y quien, con anterioridad, hab\u00eda ingresado al Centro de Jubilados que se ubica en [&hellip;]<\/p>\n","protected":false},"author":4,"featured_media":28826,"comment_status":"open","ping_status":"closed","sticky":false,"template":"","format":"standard","meta":{"om_disable_all_campaigns":false,"_jetpack_memberships_contains_paid_content":false,"footnotes":""},"categories":[2,103],"tags":[],"class_list":["post-34150","post","type-post","status-publish","format-standard","has-post-thumbnail","hentry","category-locales","category-policiales-locales"],"aioseo_notices":[],"gutentor_comment":0,"jetpack_featured_media_url":"https:\/\/eldiariodesanpedro.com.ar\/sitio\/wp-content\/uploads\/2018\/02\/detenido-4.jpg","jetpack_shortlink":"https:\/\/wp.me\/p6RhLt-8SO","jetpack_sharing_enabled":true,"_links":{"self":[{"href":"https:\/\/eldiariodesanpedro.com.ar\/sitio\/wp-json\/wp\/v2\/posts\/34150","targetHints":{"allow":["GET"]}}],"collection":[{"href":"https:\/\/eldiariodesanpedro.com.ar\/sitio\/wp-json\/wp\/v2\/posts"}],"about":[{"href":"https:\/\/eldiariodesanpedro.com.ar\/sitio\/wp-json\/wp\/v2\/types\/post"}],"author":[{"embeddable":true,"href":"https:\/\/eldiariodesanpedro.com.ar\/sitio\/wp-json\/wp\/v2\/users\/4"}],"replies":[{"embeddable":true,"href":"https:\/\/eldiariodesanpedro.com.ar\/sitio\/wp-json\/wp\/v2\/comments?post=34150"}],"version-history":[{"count":1,"href":"https:\/\/eldiariodesanpedro.com.ar\/sitio\/wp-json\/wp\/v2\/posts\/34150\/revisions"}],"predecessor-version":[{"id":34154,"href":"https:\/\/eldiariodesanpedro.com.ar\/sitio\/wp-json\/wp\/v2\/posts\/34150\/revisions\/34154"}],"wp:featuredmedia":[{"embeddable":true,"href":"https:\/\/eldiariodesanpedro.com.ar\/sitio\/wp-json\/wp\/v2\/media\/28826"}],"wp:attachment":[{"href":"https:\/\/eldiariodesanpedro.com.ar\/sitio\/wp-json\/wp\/v2\/media?parent=34150"}],"wp:term":[{"taxonomy":"category","embeddable":true,"href":"https:\/\/eldiariodesanpedro.com.ar\/sitio\/wp-json\/wp\/v2\/categories?post=34150"},{"taxonomy":"post_tag","embeddable":true,"href":"https:\/\/eldiariodesanpedro.com.ar\/sitio\/wp-json\/wp\/v2\/tags?post=34150"}],"curies":[{"name":"wp","href":"https:\/\/api.w.org\/{rel}","templated":true}]}}