{"id":34148,"date":"2018-06-03T20:52:23","date_gmt":"2018-06-03T23:52:23","guid":{"rendered":"https:\/\/eldiariodesanpedro.com.ar\/sitio\/?p=34148"},"modified":"2018-06-03T20:52:23","modified_gmt":"2018-06-03T23:52:23","slug":"dos-aprehendidos-por-portacion-ilegal-de-arma-de-fuego","status":"publish","type":"post","link":"https:\/\/eldiariodesanpedro.com.ar\/sitio\/dos-aprehendidos-por-portacion-ilegal-de-arma-de-fuego\/","title":{"rendered":"Dos aprehendidos por portaci\u00f3n ilegal de arma de fuego"},"content":{"rendered":"<p><!-- VideographyWP Plugin Message: Automatic video embedding prevented by plugin options. --><br \/>\n  Este s\u00e1bado el personal policial de la Comisar\u00eda local se hizo presente en Alvarado al 800 donde procedi\u00f3 a la aprehensi\u00f3n de ciudadano de 32 a\u00f1os, quien momentos antes se hallaba en la v\u00eda p\u00fablica con un arma de fuego del tipo rev\u00f3lver calibre 22 largo, el cual fue secuestrado.<br \/>\n  Interviene la UFI nro. 11 que dispuso la notificaci\u00f3n de la causa y el alojamiento en la dependencia policial hasta su remisi\u00f3n al Magisterio.<\/p>\n<p>  Otro caso similar ocurri\u00f3 en calle Chacabuco al 1100 donde se procedi\u00f3 a la aprehensi\u00f3n de un masculino de 26 a\u00f1os a quien se le secuestr\u00f3 un arma de fuego marca BERSA calibre 9 mm con tres proyectiles intactos del mismo calibre y, 10 vainas servidas del mismo calibre. <\/p>\n<p>  Tras los primeros testimonios se supo que el imputado efectu\u00f3 disparos en direcci\u00f3n hacia dos domicilios: el primero ubicado sobre calle D\u00e1vila al 1100 y, el segundo ubicado sobre calles Chacabuco y Sargento Selada, no constat\u00e1ndose da\u00f1os en las viviendas. Habr\u00eda efectuado los disparos en represalia a las familias all\u00ed residentes, tras haber realizado las mismas denuncias en su contra por problemas de larga data. <\/p>\n","protected":false},"excerpt":{"rendered":"<p>Este s\u00e1bado el personal policial de la Comisar\u00eda local se hizo presente en Alvarado al 800 donde procedi\u00f3 a la aprehensi\u00f3n de ciudadano de 32 a\u00f1os, quien momentos antes se hallaba en la v\u00eda p\u00fablica con un arma de fuego del tipo rev\u00f3lver calibre 22 largo, el cual fue secuestrado. Interviene la UFI nro. 11 [&hellip;]<\/p>\n","protected":false},"author":4,"featured_media":30123,"comment_status":"open","ping_status":"closed","sticky":false,"template":"","format":"standard","meta":{"om_disable_all_campaigns":false,"_jetpack_memberships_contains_paid_content":false,"footnotes":""},"categories":[2,103],"tags":[],"class_list":["post-34148","post","type-post","status-publish","format-standard","has-post-thumbnail","hentry","category-locales","category-policiales-locales"],"aioseo_notices":[],"gutentor_comment":0,"jetpack_featured_media_url":"https:\/\/eldiariodesanpedro.com.ar\/sitio\/wp-content\/uploads\/2018\/03\/pareja-detenidos.jpg","jetpack_shortlink":"https:\/\/wp.me\/p6RhLt-8SM","jetpack_sharing_enabled":true,"_links":{"self":[{"href":"https:\/\/eldiariodesanpedro.com.ar\/sitio\/wp-json\/wp\/v2\/posts\/34148","targetHints":{"allow":["GET"]}}],"collection":[{"href":"https:\/\/eldiariodesanpedro.com.ar\/sitio\/wp-json\/wp\/v2\/posts"}],"about":[{"href":"https:\/\/eldiariodesanpedro.com.ar\/sitio\/wp-json\/wp\/v2\/types\/post"}],"author":[{"embeddable":true,"href":"https:\/\/eldiariodesanpedro.com.ar\/sitio\/wp-json\/wp\/v2\/users\/4"}],"replies":[{"embeddable":true,"href":"https:\/\/eldiariodesanpedro.com.ar\/sitio\/wp-json\/wp\/v2\/comments?post=34148"}],"version-history":[{"count":2,"href":"https:\/\/eldiariodesanpedro.com.ar\/sitio\/wp-json\/wp\/v2\/posts\/34148\/revisions"}],"predecessor-version":[{"id":34152,"href":"https:\/\/eldiariodesanpedro.com.ar\/sitio\/wp-json\/wp\/v2\/posts\/34148\/revisions\/34152"}],"wp:featuredmedia":[{"embeddable":true,"href":"https:\/\/eldiariodesanpedro.com.ar\/sitio\/wp-json\/wp\/v2\/media\/30123"}],"wp:attachment":[{"href":"https:\/\/eldiariodesanpedro.com.ar\/sitio\/wp-json\/wp\/v2\/media?parent=34148"}],"wp:term":[{"taxonomy":"category","embeddable":true,"href":"https:\/\/eldiariodesanpedro.com.ar\/sitio\/wp-json\/wp\/v2\/categories?post=34148"},{"taxonomy":"post_tag","embeddable":true,"href":"https:\/\/eldiariodesanpedro.com.ar\/sitio\/wp-json\/wp\/v2\/tags?post=34148"}],"curies":[{"name":"wp","href":"https:\/\/api.w.org\/{rel}","templated":true}]}}