{"id":34145,"date":"2018-06-03T20:50:34","date_gmt":"2018-06-03T23:50:34","guid":{"rendered":"https:\/\/eldiariodesanpedro.com.ar\/sitio\/?p=34145"},"modified":"2018-06-03T20:50:34","modified_gmt":"2018-06-03T23:50:34","slug":"campana-se-realizo-el-4o-encuentro-del-ano-de-la-mesa-local-de-violencia-de-genero","status":"publish","type":"post","link":"https:\/\/eldiariodesanpedro.com.ar\/sitio\/campana-se-realizo-el-4o-encuentro-del-ano-de-la-mesa-local-de-violencia-de-genero\/","title":{"rendered":"CAMPANA: Se realiz\u00f3 el 4\u00ba encuentro del a\u00f1o de la Mesa Local de Violencia de G\u00e9nero"},"content":{"rendered":"<p><!-- VideographyWP Plugin Message: Automatic video embedding prevented by plugin options. --><br \/>\nParticiparon representantes de la Jefatura de Gabinete del Municipio, del Poder Judicial y de las fuerzas de seguridad con el objetivo de avanzar en acciones conjuntas para abordar esta problem\u00e1tica.<\/p>\n<p>  La 4\u00ba reuni\u00f3n del a\u00f1o de la Mesa Local de Violencia de G\u00e9nero se realiz\u00f3 el \u00faltimo jueves con el fin de avanzar con el an\u00e1lisis y el desarrollo de propuestas para abordar de manera articulada la problem\u00e1tica.<\/p>\n<p>  El encuentro \u2013 llevado a cabo en el Sal\u00f3n Blanco del HCD- cont\u00f3 con la asistencia de la subsecretaria de Pol\u00edticas Integrales de Cultura y Educaci\u00f3n, Nelda Garc\u00eda; la Directora de Derechos Humanos, Ver\u00f3nica Lamas; la Comisar\u00eda de la Mujer; la UFI N\u00ba 3; el Juzgado de Familia; la Asesor\u00eda de Menores Incapaces; Defensor\u00eda Civil y el \u00c1rea de G\u00e9nero local. <\/p>\n<p>  Tambi\u00e9n se hizo presente el equipo local del Centro de Asistencia a V\u00edctimas y Acceso a Justicia (CAVAJ), que fue recientemente inaugurada en nuestra ciudad, y se sumar\u00e1 a partir de ahora a esta mesa de trabajo.<br \/>\n  La reuni\u00f3n permiti\u00f3 avanzar en una agenda com\u00fan que permita unificar criterios y definir pautas de trabajo para avanzar en acciones orientadas a la asistencia y la prevenci\u00f3n de la violencia de g\u00e9nero, desde una perspectiva integral.<\/p>\n<p>Fuente: Infozc<\/p>\n","protected":false},"excerpt":{"rendered":"<p>Participaron representantes de la Jefatura de Gabinete del Municipio, del Poder Judicial y de las fuerzas de seguridad con el objetivo de avanzar en acciones conjuntas para abordar esta problem\u00e1tica. La 4\u00ba reuni\u00f3n del a\u00f1o de la Mesa Local de Violencia de G\u00e9nero se realiz\u00f3 el \u00faltimo jueves con el fin de avanzar con el [&hellip;]<\/p>\n","protected":false},"author":4,"featured_media":34147,"comment_status":"open","ping_status":"closed","sticky":false,"template":"","format":"standard","meta":{"om_disable_all_campaigns":false,"_jetpack_memberships_contains_paid_content":false,"footnotes":""},"categories":[621],"tags":[],"class_list":["post-34145","post","type-post","status-publish","format-standard","has-post-thumbnail","hentry","category-regionales"],"aioseo_notices":[],"gutentor_comment":0,"jetpack_featured_media_url":"https:\/\/eldiariodesanpedro.com.ar\/sitio\/wp-content\/uploads\/2018\/06\/4\u00ba-reuni\u00f3n-del-a\u00f1o-de-la-Mesa-Local-de-Violencia-de-G\u00e9nero.jpg","jetpack_shortlink":"https:\/\/wp.me\/p6RhLt-8SJ","jetpack_sharing_enabled":true,"_links":{"self":[{"href":"https:\/\/eldiariodesanpedro.com.ar\/sitio\/wp-json\/wp\/v2\/posts\/34145","targetHints":{"allow":["GET"]}}],"collection":[{"href":"https:\/\/eldiariodesanpedro.com.ar\/sitio\/wp-json\/wp\/v2\/posts"}],"about":[{"href":"https:\/\/eldiariodesanpedro.com.ar\/sitio\/wp-json\/wp\/v2\/types\/post"}],"author":[{"embeddable":true,"href":"https:\/\/eldiariodesanpedro.com.ar\/sitio\/wp-json\/wp\/v2\/users\/4"}],"replies":[{"embeddable":true,"href":"https:\/\/eldiariodesanpedro.com.ar\/sitio\/wp-json\/wp\/v2\/comments?post=34145"}],"version-history":[{"count":1,"href":"https:\/\/eldiariodesanpedro.com.ar\/sitio\/wp-json\/wp\/v2\/posts\/34145\/revisions"}],"predecessor-version":[{"id":34149,"href":"https:\/\/eldiariodesanpedro.com.ar\/sitio\/wp-json\/wp\/v2\/posts\/34145\/revisions\/34149"}],"wp:featuredmedia":[{"embeddable":true,"href":"https:\/\/eldiariodesanpedro.com.ar\/sitio\/wp-json\/wp\/v2\/media\/34147"}],"wp:attachment":[{"href":"https:\/\/eldiariodesanpedro.com.ar\/sitio\/wp-json\/wp\/v2\/media?parent=34145"}],"wp:term":[{"taxonomy":"category","embeddable":true,"href":"https:\/\/eldiariodesanpedro.com.ar\/sitio\/wp-json\/wp\/v2\/categories?post=34145"},{"taxonomy":"post_tag","embeddable":true,"href":"https:\/\/eldiariodesanpedro.com.ar\/sitio\/wp-json\/wp\/v2\/tags?post=34145"}],"curies":[{"name":"wp","href":"https:\/\/api.w.org\/{rel}","templated":true}]}}