{"id":34142,"date":"2018-06-03T20:49:33","date_gmt":"2018-06-03T23:49:33","guid":{"rendered":"https:\/\/eldiariodesanpedro.com.ar\/sitio\/?p=34142"},"modified":"2018-06-03T20:49:33","modified_gmt":"2018-06-03T23:49:33","slug":"zarate-mataron-a-golpes-a-una-vecina-de-lima","status":"publish","type":"post","link":"https:\/\/eldiariodesanpedro.com.ar\/sitio\/zarate-mataron-a-golpes-a-una-vecina-de-lima\/","title":{"rendered":"Z\u00c1RATE: Mataron a golpes a una vecina de Lima"},"content":{"rendered":"<p><!-- VideographyWP Plugin Message: Automatic video embedding prevented by plugin options. --><br \/>\nEl hecho ocurri\u00f3 en la madrugada del s\u00e1bado, la se\u00f1ora fue identificada como Hortencia Medina de 64 a\u00f1os.<\/p>\n<p>  A las 6 de la ma\u00f1ana, inconsciente por los golpes, fue encontrada Hortencia en su domicilio de calle 6 y 242 de la localidad vecina. Inmediatamente fue trasladada al Hospital, pero falleci\u00f3 en la ambulancia.<\/p>\n<p>  Seg\u00fan cuentan fuentes policiales, se cree le robaron 10 mil pesos en efectivo. Ahora, en la escena trabaja Polic\u00eda Cient\u00edfica junto con el Fiscal, Dr. Guti\u00e9rrez y Detectives de la Direcci\u00f3n Departamental de Investigaciones (DDI) Z\u00e1rate \u2013 Campana.<\/p>\n<p>Fuente: Z\u00e1rate Alerta<\/p>\n","protected":false},"excerpt":{"rendered":"<p>El hecho ocurri\u00f3 en la madrugada del s\u00e1bado, la se\u00f1ora fue identificada como Hortencia Medina de 64 a\u00f1os. A las 6 de la ma\u00f1ana, inconsciente por los golpes, fue encontrada Hortencia en su domicilio de calle 6 y 242 de la localidad vecina. Inmediatamente fue trasladada al Hospital, pero falleci\u00f3 en la ambulancia. Seg\u00fan cuentan [&hellip;]<\/p>\n","protected":false},"author":4,"featured_media":34143,"comment_status":"open","ping_status":"closed","sticky":false,"template":"","format":"standard","meta":{"om_disable_all_campaigns":false,"_jetpack_memberships_contains_paid_content":false,"footnotes":""},"categories":[621],"tags":[],"class_list":["post-34142","post","type-post","status-publish","format-standard","has-post-thumbnail","hentry","category-regionales"],"aioseo_notices":[],"gutentor_comment":0,"jetpack_featured_media_url":"https:\/\/eldiariodesanpedro.com.ar\/sitio\/wp-content\/uploads\/2018\/06\/fue-encontrada-Hortencia-en-su-domicilio-de-calle-6-y-242.jpg","jetpack_shortlink":"https:\/\/wp.me\/p6RhLt-8SG","jetpack_sharing_enabled":true,"_links":{"self":[{"href":"https:\/\/eldiariodesanpedro.com.ar\/sitio\/wp-json\/wp\/v2\/posts\/34142","targetHints":{"allow":["GET"]}}],"collection":[{"href":"https:\/\/eldiariodesanpedro.com.ar\/sitio\/wp-json\/wp\/v2\/posts"}],"about":[{"href":"https:\/\/eldiariodesanpedro.com.ar\/sitio\/wp-json\/wp\/v2\/types\/post"}],"author":[{"embeddable":true,"href":"https:\/\/eldiariodesanpedro.com.ar\/sitio\/wp-json\/wp\/v2\/users\/4"}],"replies":[{"embeddable":true,"href":"https:\/\/eldiariodesanpedro.com.ar\/sitio\/wp-json\/wp\/v2\/comments?post=34142"}],"version-history":[{"count":1,"href":"https:\/\/eldiariodesanpedro.com.ar\/sitio\/wp-json\/wp\/v2\/posts\/34142\/revisions"}],"predecessor-version":[{"id":34146,"href":"https:\/\/eldiariodesanpedro.com.ar\/sitio\/wp-json\/wp\/v2\/posts\/34142\/revisions\/34146"}],"wp:featuredmedia":[{"embeddable":true,"href":"https:\/\/eldiariodesanpedro.com.ar\/sitio\/wp-json\/wp\/v2\/media\/34143"}],"wp:attachment":[{"href":"https:\/\/eldiariodesanpedro.com.ar\/sitio\/wp-json\/wp\/v2\/media?parent=34142"}],"wp:term":[{"taxonomy":"category","embeddable":true,"href":"https:\/\/eldiariodesanpedro.com.ar\/sitio\/wp-json\/wp\/v2\/categories?post=34142"},{"taxonomy":"post_tag","embeddable":true,"href":"https:\/\/eldiariodesanpedro.com.ar\/sitio\/wp-json\/wp\/v2\/tags?post=34142"}],"curies":[{"name":"wp","href":"https:\/\/api.w.org\/{rel}","templated":true}]}}