{"id":34134,"date":"2018-06-03T20:46:00","date_gmt":"2018-06-03T23:46:00","guid":{"rendered":"https:\/\/eldiariodesanpedro.com.ar\/sitio\/?p=34134"},"modified":"2018-06-03T20:46:00","modified_gmt":"2018-06-03T23:46:00","slug":"ramallo-preocupacion-en-magnesita-por-12-trabajadores-despedidos","status":"publish","type":"post","link":"https:\/\/eldiariodesanpedro.com.ar\/sitio\/ramallo-preocupacion-en-magnesita-por-12-trabajadores-despedidos\/","title":{"rendered":"RAMALLO: Preocupaci\u00f3n en Magnesita por 12 trabajadores despedidos"},"content":{"rendered":"<p><!-- VideographyWP Plugin Message: Automatic video embedding prevented by plugin options. --><br \/>\nEsta semana se conoci\u00f3 el despido de 12 trabajadores de la empresa Magnesita (ex Refractarios Argentina) por una \u201creestructuraci\u00f3n comercial\u201d, seg\u00fan la empresa.<\/p>\n<p>  Seg\u00fan los trabajadores, desde la empresa argumentaron que \u201cdebido a que dos plantas de la firma no estar\u00edan funcionando, se tom\u00f3 la decisi\u00f3n de despedir a 12 trabajadores de la planta Ramallo\u201d.<br \/>\n  Adem\u00e1s, denuncias que la patronal utiliza esta excusa para \u201cechar a los que estaban marcados\u201d.<br \/>\n  Estos despidos se dan d\u00edas antes de las negociaciones paritarias del sector. Los trabajadores denuncian que \u201cestas maniobras se hacen para generar miedo entre los empleados, echaron a compa\u00f1eros que hacen muchos a\u00f1os que vienen trabajando\u201d.<\/p>\n<p>Fuente: Ramallo Informa<\/p>\n","protected":false},"excerpt":{"rendered":"<p>Esta semana se conoci\u00f3 el despido de 12 trabajadores de la empresa Magnesita (ex Refractarios Argentina) por una \u201creestructuraci\u00f3n comercial\u201d, seg\u00fan la empresa. Seg\u00fan los trabajadores, desde la empresa argumentaron que \u201cdebido a que dos plantas de la firma no estar\u00edan funcionando, se tom\u00f3 la decisi\u00f3n de despedir a 12 trabajadores de la planta Ramallo\u201d. [&hellip;]<\/p>\n","protected":false},"author":4,"featured_media":34137,"comment_status":"open","ping_status":"closed","sticky":false,"template":"","format":"standard","meta":{"om_disable_all_campaigns":false,"_jetpack_memberships_contains_paid_content":false,"footnotes":""},"categories":[621],"tags":[],"class_list":["post-34134","post","type-post","status-publish","format-standard","has-post-thumbnail","hentry","category-regionales"],"aioseo_notices":[],"gutentor_comment":0,"jetpack_featured_media_url":"https:\/\/eldiariodesanpedro.com.ar\/sitio\/wp-content\/uploads\/2018\/06\/Magnesita-empleados.jpg","jetpack_shortlink":"https:\/\/wp.me\/p6RhLt-8Sy","jetpack_sharing_enabled":true,"_links":{"self":[{"href":"https:\/\/eldiariodesanpedro.com.ar\/sitio\/wp-json\/wp\/v2\/posts\/34134","targetHints":{"allow":["GET"]}}],"collection":[{"href":"https:\/\/eldiariodesanpedro.com.ar\/sitio\/wp-json\/wp\/v2\/posts"}],"about":[{"href":"https:\/\/eldiariodesanpedro.com.ar\/sitio\/wp-json\/wp\/v2\/types\/post"}],"author":[{"embeddable":true,"href":"https:\/\/eldiariodesanpedro.com.ar\/sitio\/wp-json\/wp\/v2\/users\/4"}],"replies":[{"embeddable":true,"href":"https:\/\/eldiariodesanpedro.com.ar\/sitio\/wp-json\/wp\/v2\/comments?post=34134"}],"version-history":[{"count":1,"href":"https:\/\/eldiariodesanpedro.com.ar\/sitio\/wp-json\/wp\/v2\/posts\/34134\/revisions"}],"predecessor-version":[{"id":34141,"href":"https:\/\/eldiariodesanpedro.com.ar\/sitio\/wp-json\/wp\/v2\/posts\/34134\/revisions\/34141"}],"wp:featuredmedia":[{"embeddable":true,"href":"https:\/\/eldiariodesanpedro.com.ar\/sitio\/wp-json\/wp\/v2\/media\/34137"}],"wp:attachment":[{"href":"https:\/\/eldiariodesanpedro.com.ar\/sitio\/wp-json\/wp\/v2\/media?parent=34134"}],"wp:term":[{"taxonomy":"category","embeddable":true,"href":"https:\/\/eldiariodesanpedro.com.ar\/sitio\/wp-json\/wp\/v2\/categories?post=34134"},{"taxonomy":"post_tag","embeddable":true,"href":"https:\/\/eldiariodesanpedro.com.ar\/sitio\/wp-json\/wp\/v2\/tags?post=34134"}],"curies":[{"name":"wp","href":"https:\/\/api.w.org\/{rel}","templated":true}]}}