{"id":34129,"date":"2018-06-03T20:43:38","date_gmt":"2018-06-03T23:43:38","guid":{"rendered":"https:\/\/eldiariodesanpedro.com.ar\/sitio\/?p=34129"},"modified":"2018-06-03T20:43:38","modified_gmt":"2018-06-03T23:43:38","slug":"baradero-buscan-a-un-hombre-que-cayo-al-rio-baradero","status":"publish","type":"post","link":"https:\/\/eldiariodesanpedro.com.ar\/sitio\/baradero-buscan-a-un-hombre-que-cayo-al-rio-baradero\/","title":{"rendered":"BARADERO: Buscan a un hombre que cay\u00f3 al R\u00edo Baradero"},"content":{"rendered":"<p><!-- VideographyWP Plugin Message: Automatic video embedding prevented by plugin options. --><br \/>\nEl Prefecto Sergio Peralta confirm\u00f3 al m\u00f3vil de Tu Radio que durante esta jornada de b\u00fasqueda del hombre que cay\u00f3 al r\u00edo Baradero en la ma\u00f1ana del s\u00e1bado, solamente pudieron encontrar elementos que presumen que pertenecen a la lancha hundida.<\/p>\n<p>  Peralta afirm\u00f3 que hallaron chalecos, bengalas habilitadas, un matafuego habilitado y un bolso flotando. \u201cPresumimos que eran de la embarcaci\u00f3n\u201d dijo el Prefecto.<br \/>\n  Lamentablemente, manifest\u00f3 que a\u00fan no han encontrado \u201cni la embarcaci\u00f3n ni el cuerpo de hombre\u201d.<br \/>\n  Contin\u00faan con su labor Prefectura de San Pedro, Prefectura de Campana, Bomberos de Campana; Bomberos Voluntarios de Baradero y Defensa Civil Baradero.<\/p>\n<p>Fuente: Tu L\u00ednea Directa<\/p>\n","protected":false},"excerpt":{"rendered":"<p>El Prefecto Sergio Peralta confirm\u00f3 al m\u00f3vil de Tu Radio que durante esta jornada de b\u00fasqueda del hombre que cay\u00f3 al r\u00edo Baradero en la ma\u00f1ana del s\u00e1bado, solamente pudieron encontrar elementos que presumen que pertenecen a la lancha hundida. Peralta afirm\u00f3 que hallaron chalecos, bengalas habilitadas, un matafuego habilitado y un bolso flotando. \u201cPresumimos [&hellip;]<\/p>\n","protected":false},"author":4,"featured_media":34135,"comment_status":"open","ping_status":"closed","sticky":false,"template":"","format":"standard","meta":{"om_disable_all_campaigns":false,"_jetpack_memberships_contains_paid_content":false,"footnotes":""},"categories":[621],"tags":[],"class_list":["post-34129","post","type-post","status-publish","format-standard","has-post-thumbnail","hentry","category-regionales"],"aioseo_notices":[],"gutentor_comment":0,"jetpack_featured_media_url":"https:\/\/eldiariodesanpedro.com.ar\/sitio\/wp-content\/uploads\/2018\/06\/Buscan-a-un-hombre-que-cay\u00f3-al-R\u00edo-Baradero.jpg","jetpack_shortlink":"https:\/\/wp.me\/p6RhLt-8St","jetpack_sharing_enabled":true,"_links":{"self":[{"href":"https:\/\/eldiariodesanpedro.com.ar\/sitio\/wp-json\/wp\/v2\/posts\/34129","targetHints":{"allow":["GET"]}}],"collection":[{"href":"https:\/\/eldiariodesanpedro.com.ar\/sitio\/wp-json\/wp\/v2\/posts"}],"about":[{"href":"https:\/\/eldiariodesanpedro.com.ar\/sitio\/wp-json\/wp\/v2\/types\/post"}],"author":[{"embeddable":true,"href":"https:\/\/eldiariodesanpedro.com.ar\/sitio\/wp-json\/wp\/v2\/users\/4"}],"replies":[{"embeddable":true,"href":"https:\/\/eldiariodesanpedro.com.ar\/sitio\/wp-json\/wp\/v2\/comments?post=34129"}],"version-history":[{"count":1,"href":"https:\/\/eldiariodesanpedro.com.ar\/sitio\/wp-json\/wp\/v2\/posts\/34129\/revisions"}],"predecessor-version":[{"id":34136,"href":"https:\/\/eldiariodesanpedro.com.ar\/sitio\/wp-json\/wp\/v2\/posts\/34129\/revisions\/34136"}],"wp:featuredmedia":[{"embeddable":true,"href":"https:\/\/eldiariodesanpedro.com.ar\/sitio\/wp-json\/wp\/v2\/media\/34135"}],"wp:attachment":[{"href":"https:\/\/eldiariodesanpedro.com.ar\/sitio\/wp-json\/wp\/v2\/media?parent=34129"}],"wp:term":[{"taxonomy":"category","embeddable":true,"href":"https:\/\/eldiariodesanpedro.com.ar\/sitio\/wp-json\/wp\/v2\/categories?post=34129"},{"taxonomy":"post_tag","embeddable":true,"href":"https:\/\/eldiariodesanpedro.com.ar\/sitio\/wp-json\/wp\/v2\/tags?post=34129"}],"curies":[{"name":"wp","href":"https:\/\/api.w.org\/{rel}","templated":true}]}}