{"id":34128,"date":"2018-06-03T20:31:27","date_gmt":"2018-06-03T23:31:27","guid":{"rendered":"https:\/\/eldiariodesanpedro.com.ar\/sitio\/?p=34128"},"modified":"2018-06-03T20:31:27","modified_gmt":"2018-06-03T23:31:27","slug":"este-sabado-se-celebro-el-dia-del-bombero-voluntario","status":"publish","type":"post","link":"https:\/\/eldiariodesanpedro.com.ar\/sitio\/este-sabado-se-celebro-el-dia-del-bombero-voluntario\/","title":{"rendered":"Este s\u00e1bado se celebr\u00f3 el D\u00eda del Bombero Voluntario"},"content":{"rendered":"<p><!-- VideographyWP Plugin Message: Automatic video embedding prevented by plugin options. --><br \/>\nEn el cuartel de Bomberos de nuestra ciudad se realiz\u00f3 este s\u00e1bado por la ma\u00f1ana el acto en conmemoraci\u00f3n del D\u00eda del Bombero Voluntario, con la presencia de autoridades municipales. En horas de la tarde se llev\u00f3 a cabo \u00abBombero por un d\u00eda\u00bb.<\/p>\n<p>  Este s\u00e1bado por la ma\u00f1ana, Bomberos Voluntarios del Cuartel local celebraron su d\u00eda con un acto protocolar que incluy\u00f3 discurso de autoridades, presencia de funcionarios, toque de sirena, formaci\u00f3n y un chocolate caliente compartido con familiares.<\/p>\n<p>  En horas de la tarde, a partir de las 15 hs., frente a un gran marco de p\u00fablico, se realiz\u00f3 en el Paseo P\u00fablico \u00abBombero por un d\u00eda\u00bb, donde se expusieron todas las autobombas y herramientas con las que disponen nuestros bomberos; adem\u00e1s, realizaron un simulacro de rescate y tambi\u00e9n el p\u00fablico presente pudo utilizar las herramientas.<br \/>\n  Es la primera experiencia que se realiza de este tipo, brindando a la gente la posibilidad de relacionarse con ellos.<\/p>\n<p>Foto: Gentileza Eduardo Dlapa San Pedro Informa<\/p>\n","protected":false},"excerpt":{"rendered":"<p>En el cuartel de Bomberos de nuestra ciudad se realiz\u00f3 este s\u00e1bado por la ma\u00f1ana el acto en conmemoraci\u00f3n del D\u00eda del Bombero Voluntario, con la presencia de autoridades municipales. En horas de la tarde se llev\u00f3 a cabo \u00abBombero por un d\u00eda\u00bb. Este s\u00e1bado por la ma\u00f1ana, Bomberos Voluntarios del Cuartel local celebraron su [&hellip;]<\/p>\n","protected":false},"author":4,"featured_media":34132,"comment_status":"open","ping_status":"closed","sticky":false,"template":"","format":"standard","meta":{"om_disable_all_campaigns":false,"_jetpack_memberships_contains_paid_content":false,"footnotes":""},"categories":[101,2],"tags":[],"class_list":["post-34128","post","type-post","status-publish","format-standard","has-post-thumbnail","hentry","category-interes-general-locales","category-locales"],"aioseo_notices":[],"gutentor_comment":0,"jetpack_featured_media_url":"https:\/\/eldiariodesanpedro.com.ar\/sitio\/wp-content\/uploads\/2018\/06\/Los-Bomberos-Voluntarios-de-San-Pedro-en-su-d\u00eda.jpg","jetpack_shortlink":"https:\/\/wp.me\/p6RhLt-8Ss","jetpack_sharing_enabled":true,"_links":{"self":[{"href":"https:\/\/eldiariodesanpedro.com.ar\/sitio\/wp-json\/wp\/v2\/posts\/34128","targetHints":{"allow":["GET"]}}],"collection":[{"href":"https:\/\/eldiariodesanpedro.com.ar\/sitio\/wp-json\/wp\/v2\/posts"}],"about":[{"href":"https:\/\/eldiariodesanpedro.com.ar\/sitio\/wp-json\/wp\/v2\/types\/post"}],"author":[{"embeddable":true,"href":"https:\/\/eldiariodesanpedro.com.ar\/sitio\/wp-json\/wp\/v2\/users\/4"}],"replies":[{"embeddable":true,"href":"https:\/\/eldiariodesanpedro.com.ar\/sitio\/wp-json\/wp\/v2\/comments?post=34128"}],"version-history":[{"count":1,"href":"https:\/\/eldiariodesanpedro.com.ar\/sitio\/wp-json\/wp\/v2\/posts\/34128\/revisions"}],"predecessor-version":[{"id":34133,"href":"https:\/\/eldiariodesanpedro.com.ar\/sitio\/wp-json\/wp\/v2\/posts\/34128\/revisions\/34133"}],"wp:featuredmedia":[{"embeddable":true,"href":"https:\/\/eldiariodesanpedro.com.ar\/sitio\/wp-json\/wp\/v2\/media\/34132"}],"wp:attachment":[{"href":"https:\/\/eldiariodesanpedro.com.ar\/sitio\/wp-json\/wp\/v2\/media?parent=34128"}],"wp:term":[{"taxonomy":"category","embeddable":true,"href":"https:\/\/eldiariodesanpedro.com.ar\/sitio\/wp-json\/wp\/v2\/categories?post=34128"},{"taxonomy":"post_tag","embeddable":true,"href":"https:\/\/eldiariodesanpedro.com.ar\/sitio\/wp-json\/wp\/v2\/tags?post=34128"}],"curies":[{"name":"wp","href":"https:\/\/api.w.org\/{rel}","templated":true}]}}