{"id":34127,"date":"2018-06-03T20:28:26","date_gmt":"2018-06-03T23:28:26","guid":{"rendered":"https:\/\/eldiariodesanpedro.com.ar\/sitio\/?p=34127"},"modified":"2018-06-03T20:28:26","modified_gmt":"2018-06-03T23:28:26","slug":"los-frutos-de-un-encuentro-familiar","status":"publish","type":"post","link":"https:\/\/eldiariodesanpedro.com.ar\/sitio\/los-frutos-de-un-encuentro-familiar\/","title":{"rendered":"Los frutos de un encuentro familiar"},"content":{"rendered":"<p><!-- VideographyWP Plugin Message: Automatic video embedding prevented by plugin options. --><br \/>\nProductores de San Pedro, Baradero y Z\u00e1rate participaron de una extensa jornada el s\u00e1bado, junto a t\u00e9cnicos de la Municipalidad de San Pedro, el Ministerio de Agroindustria y del INTA. El encuentro tuvo momentos de trabajo diagn\u00f3stico donde los participantes indicaron 12 problemas principales que ocupan a su actividad, luego un momento para aproximar las herramientas del estado en algunos de esos problemas (regularizaci\u00f3n dominial y tenencia de tierras) y otro enfocado en la dimensi\u00f3n impositiva, alcances y actualidad del sistema nacional completamente digitalizado.<\/p>\n<p>  Fueron 8 horas ininterrumpidas, con un espacio de distensi\u00f3n muy agradable, el almuerzo compartido a la canasta en un ambiente muy propicio y lleno de luminosidad.<br \/>\n  En el comienzo estuvieron las palabras de Armando Constantino, Director del INTA San Pedro, Alexis Rodr\u00edguez, responsable zonal de Agricultura Familiar del Ministerio de Agroindustria y Alfredo Camiletti, como Subsecretario de Desarrollo econ\u00f3mico de la Municipalidad de San Pedro. En este momento se destacaron los reconocimientos de los funcionarios a la presencia local y al logro alcanzado de la Asociaci\u00f3n Civil \u00abFrutos de la tierra y el r\u00edo\u00bb. En este sentido, Camiletti enfatiz\u00f3 la importancia de la formalizaci\u00f3n de la organizaci\u00f3n, porque un Municipio no puede trabajar con actores aislados, sino con organizaciones. Y as\u00ed anunci\u00f3 que, por este hecho, van a poder sumarse a la participaci\u00f3n de la Mesa Multisectorial para la producci\u00f3n que existe localmente.<br \/>\n  Luego por su parte, algunos integrantes de la Asociaci\u00f3n Civil describieron su proceso de constituci\u00f3n, desde el primer momento en que se encontraron en mayo de 2013 cuando se realiz\u00f3 la primera muestra de la agricultura familiar local, posteriormente transformada en feria con la formalizaci\u00f3n de la venta y regularizaci\u00f3n de fechas a lo largo del a\u00f1o.  Mencionaron la importancia de la formalizaci\u00f3n del espacio, los alcances, e invitaron a los presentes o a quienes crean que tienen problem\u00e1ticas parecidas, a integrarse al trabajo colectivo. <\/p>\n","protected":false},"excerpt":{"rendered":"<p>Productores de San Pedro, Baradero y Z\u00e1rate participaron de una extensa jornada el s\u00e1bado, junto a t\u00e9cnicos de la Municipalidad de San Pedro, el Ministerio de Agroindustria y del INTA. El encuentro tuvo momentos de trabajo diagn\u00f3stico donde los participantes indicaron 12 problemas principales que ocupan a su actividad, luego un momento para aproximar las [&hellip;]<\/p>\n","protected":false},"author":4,"featured_media":34130,"comment_status":"open","ping_status":"closed","sticky":false,"template":"","format":"standard","meta":{"om_disable_all_campaigns":false,"_jetpack_memberships_contains_paid_content":false,"footnotes":""},"categories":[101,2],"tags":[],"class_list":["post-34127","post","type-post","status-publish","format-standard","has-post-thumbnail","hentry","category-interes-general-locales","category-locales"],"aioseo_notices":[],"gutentor_comment":0,"jetpack_featured_media_url":"https:\/\/eldiariodesanpedro.com.ar\/sitio\/wp-content\/uploads\/2018\/06\/Productores-de-San-Pedro-Baradero-y-Z\u00e1rate-participaron-de-una-extensa-jornada-el-s\u00e1bado-.jpg","jetpack_shortlink":"https:\/\/wp.me\/p6RhLt-8Sr","jetpack_sharing_enabled":true,"_links":{"self":[{"href":"https:\/\/eldiariodesanpedro.com.ar\/sitio\/wp-json\/wp\/v2\/posts\/34127","targetHints":{"allow":["GET"]}}],"collection":[{"href":"https:\/\/eldiariodesanpedro.com.ar\/sitio\/wp-json\/wp\/v2\/posts"}],"about":[{"href":"https:\/\/eldiariodesanpedro.com.ar\/sitio\/wp-json\/wp\/v2\/types\/post"}],"author":[{"embeddable":true,"href":"https:\/\/eldiariodesanpedro.com.ar\/sitio\/wp-json\/wp\/v2\/users\/4"}],"replies":[{"embeddable":true,"href":"https:\/\/eldiariodesanpedro.com.ar\/sitio\/wp-json\/wp\/v2\/comments?post=34127"}],"version-history":[{"count":1,"href":"https:\/\/eldiariodesanpedro.com.ar\/sitio\/wp-json\/wp\/v2\/posts\/34127\/revisions"}],"predecessor-version":[{"id":34131,"href":"https:\/\/eldiariodesanpedro.com.ar\/sitio\/wp-json\/wp\/v2\/posts\/34127\/revisions\/34131"}],"wp:featuredmedia":[{"embeddable":true,"href":"https:\/\/eldiariodesanpedro.com.ar\/sitio\/wp-json\/wp\/v2\/media\/34130"}],"wp:attachment":[{"href":"https:\/\/eldiariodesanpedro.com.ar\/sitio\/wp-json\/wp\/v2\/media?parent=34127"}],"wp:term":[{"taxonomy":"category","embeddable":true,"href":"https:\/\/eldiariodesanpedro.com.ar\/sitio\/wp-json\/wp\/v2\/categories?post=34127"},{"taxonomy":"post_tag","embeddable":true,"href":"https:\/\/eldiariodesanpedro.com.ar\/sitio\/wp-json\/wp\/v2\/tags?post=34127"}],"curies":[{"name":"wp","href":"https:\/\/api.w.org\/{rel}","templated":true}]}}