{"id":34118,"date":"2018-06-02T11:38:40","date_gmt":"2018-06-02T14:38:40","guid":{"rendered":"https:\/\/eldiariodesanpedro.com.ar\/sitio\/?p=34118"},"modified":"2018-06-02T11:38:40","modified_gmt":"2018-06-02T14:38:40","slug":"tras-escaparse-y-ser-perseguidos-dos-jovenes-fueron-aprehendidos","status":"publish","type":"post","link":"https:\/\/eldiariodesanpedro.com.ar\/sitio\/tras-escaparse-y-ser-perseguidos-dos-jovenes-fueron-aprehendidos\/","title":{"rendered":"Tras escaparse y ser perseguidos, dos j\u00f3venes fueron aprehendidos"},"content":{"rendered":"<p><!-- VideographyWP Plugin Message: Automatic video embedding prevented by plugin options. --><br \/>\nUna motocicleta Yamaha 110 cc propiedad de una mujer de 32 a\u00f1os oriunda de la localidad de Gobernador Castro, fue sustra\u00edda por delincuentes el s\u00e1bado a la madrugada.<\/p>\n<p> El personal policial de dicha localidad, tras un r\u00e1pido accionar, realiz\u00f3 un operativo cerrojo sobre el acceso a la localidad y la Ruta 9, logrando dar con los autores del hecho.  Sin embargo, los malvivientes se dieron a la fuga por la autopista en direcci\u00f3n hacia Capital Federal y, a la altura del km 165 pudieron alcanzarlos y aprehenderlos.<\/p>\n<p>  Uno de los delincuentes de 15 a\u00f1os se movilizaba a bordo de la motocicleta robada, el otro de 20 a\u00f1os conduc\u00eda una moto Gilera Smash 110 cc con n\u00famero de motor y cuadro alterados.<\/p>\n<p> Los dos j\u00f3venes fueron trasladados a la Comisar\u00eda y los veh\u00edculos secuestrados.<\/p>\n<p> Intervino en el hecho la UFI de Responsabilidad Penal Juvenil que dispuso la notificaci\u00f3n de las actuaciones y la posterior entrega de los delincuentes a sus progenitores.<\/p>\n","protected":false},"excerpt":{"rendered":"<p>Una motocicleta Yamaha 110 cc propiedad de una mujer de 32 a\u00f1os oriunda de la localidad de Gobernador Castro, fue sustra\u00edda por delincuentes el s\u00e1bado a la madrugada. El personal policial de dicha localidad, tras un r\u00e1pido accionar, realiz\u00f3 un operativo cerrojo sobre el acceso a la localidad y la Ruta 9, logrando dar con [&hellip;]<\/p>\n","protected":false},"author":4,"featured_media":34119,"comment_status":"open","ping_status":"closed","sticky":false,"template":"","format":"standard","meta":{"om_disable_all_campaigns":false,"_jetpack_memberships_contains_paid_content":false,"footnotes":""},"categories":[50,2,103],"tags":[],"class_list":["post-34118","post","type-post","status-publish","format-standard","has-post-thumbnail","hentry","category-destacadas","category-locales","category-policiales-locales"],"aioseo_notices":[],"gutentor_comment":0,"jetpack_featured_media_url":"https:\/\/eldiariodesanpedro.com.ar\/sitio\/wp-content\/uploads\/2018\/06\/f620x350-119598_150616_0.jpg","jetpack_shortlink":"https:\/\/wp.me\/p6RhLt-8Si","jetpack_sharing_enabled":true,"_links":{"self":[{"href":"https:\/\/eldiariodesanpedro.com.ar\/sitio\/wp-json\/wp\/v2\/posts\/34118","targetHints":{"allow":["GET"]}}],"collection":[{"href":"https:\/\/eldiariodesanpedro.com.ar\/sitio\/wp-json\/wp\/v2\/posts"}],"about":[{"href":"https:\/\/eldiariodesanpedro.com.ar\/sitio\/wp-json\/wp\/v2\/types\/post"}],"author":[{"embeddable":true,"href":"https:\/\/eldiariodesanpedro.com.ar\/sitio\/wp-json\/wp\/v2\/users\/4"}],"replies":[{"embeddable":true,"href":"https:\/\/eldiariodesanpedro.com.ar\/sitio\/wp-json\/wp\/v2\/comments?post=34118"}],"version-history":[{"count":1,"href":"https:\/\/eldiariodesanpedro.com.ar\/sitio\/wp-json\/wp\/v2\/posts\/34118\/revisions"}],"predecessor-version":[{"id":34120,"href":"https:\/\/eldiariodesanpedro.com.ar\/sitio\/wp-json\/wp\/v2\/posts\/34118\/revisions\/34120"}],"wp:featuredmedia":[{"embeddable":true,"href":"https:\/\/eldiariodesanpedro.com.ar\/sitio\/wp-json\/wp\/v2\/media\/34119"}],"wp:attachment":[{"href":"https:\/\/eldiariodesanpedro.com.ar\/sitio\/wp-json\/wp\/v2\/media?parent=34118"}],"wp:term":[{"taxonomy":"category","embeddable":true,"href":"https:\/\/eldiariodesanpedro.com.ar\/sitio\/wp-json\/wp\/v2\/categories?post=34118"},{"taxonomy":"post_tag","embeddable":true,"href":"https:\/\/eldiariodesanpedro.com.ar\/sitio\/wp-json\/wp\/v2\/tags?post=34118"}],"curies":[{"name":"wp","href":"https:\/\/api.w.org\/{rel}","templated":true}]}}