{"id":34112,"date":"2018-06-02T11:22:00","date_gmt":"2018-06-02T14:22:00","guid":{"rendered":"https:\/\/eldiariodesanpedro.com.ar\/sitio\/?p=34112"},"modified":"2018-06-02T11:22:00","modified_gmt":"2018-06-02T14:22:00","slug":"joven-aprehendido-por-intentar-robar-autos-estacionados","status":"publish","type":"post","link":"https:\/\/eldiariodesanpedro.com.ar\/sitio\/joven-aprehendido-por-intentar-robar-autos-estacionados\/","title":{"rendered":"Joven aprehendido por intentar robar autos estacionados"},"content":{"rendered":"<p><!-- VideographyWP Plugin Message: Automatic video embedding prevented by plugin options. --><br \/>\nIntentaba abrir las puertas de los veh\u00edculos que estaban estacionados y fue aprehendido por la Polic\u00eda, le secuestraron una navaja.<\/p>\n<p>Durante la noche del viernes vecinos alertaron a trav\u00e9s de un llamado telef\u00f3nico al servicio de emergencias 911 que, una persona intentaba abrir las puertas de los autom\u00f3viles estacionados en la zona de Av. 3 de Febrero y calle Depietri.<\/p>\n<p>Personal policial se dirigi\u00f3 al lugar, donde se procedi\u00f3 a la aprehensi\u00f3n de un hombre de 29 a\u00f1os que llevaba una navaja entre sus prendas; siendo el mismo trasladado a la Comisar\u00eda.<\/p>\n<p>La Fiscal\u00eda N\u00b0 11 dispuso la notificaci\u00f3n de la causa al delincuente y su posterior libertad.<\/p>\n","protected":false},"excerpt":{"rendered":"<p>Intentaba abrir las puertas de los veh\u00edculos que estaban estacionados y fue aprehendido por la Polic\u00eda, le secuestraron una navaja. Durante la noche del viernes vecinos alertaron a trav\u00e9s de un llamado telef\u00f3nico al servicio de emergencias 911 que, una persona intentaba abrir las puertas de los autom\u00f3viles estacionados en la zona de Av. 3 [&hellip;]<\/p>\n","protected":false},"author":4,"featured_media":34113,"comment_status":"open","ping_status":"closed","sticky":false,"template":"","format":"standard","meta":{"om_disable_all_campaigns":false,"_jetpack_memberships_contains_paid_content":false,"footnotes":""},"categories":[2,103],"tags":[],"class_list":["post-34112","post","type-post","status-publish","format-standard","has-post-thumbnail","hentry","category-locales","category-policiales-locales"],"aioseo_notices":[],"gutentor_comment":0,"jetpack_featured_media_url":"https:\/\/eldiariodesanpedro.com.ar\/sitio\/wp-content\/uploads\/2018\/06\/hqdefault.jpg","jetpack_shortlink":"https:\/\/wp.me\/p6RhLt-8Sc","jetpack_sharing_enabled":true,"_links":{"self":[{"href":"https:\/\/eldiariodesanpedro.com.ar\/sitio\/wp-json\/wp\/v2\/posts\/34112","targetHints":{"allow":["GET"]}}],"collection":[{"href":"https:\/\/eldiariodesanpedro.com.ar\/sitio\/wp-json\/wp\/v2\/posts"}],"about":[{"href":"https:\/\/eldiariodesanpedro.com.ar\/sitio\/wp-json\/wp\/v2\/types\/post"}],"author":[{"embeddable":true,"href":"https:\/\/eldiariodesanpedro.com.ar\/sitio\/wp-json\/wp\/v2\/users\/4"}],"replies":[{"embeddable":true,"href":"https:\/\/eldiariodesanpedro.com.ar\/sitio\/wp-json\/wp\/v2\/comments?post=34112"}],"version-history":[{"count":1,"href":"https:\/\/eldiariodesanpedro.com.ar\/sitio\/wp-json\/wp\/v2\/posts\/34112\/revisions"}],"predecessor-version":[{"id":34114,"href":"https:\/\/eldiariodesanpedro.com.ar\/sitio\/wp-json\/wp\/v2\/posts\/34112\/revisions\/34114"}],"wp:featuredmedia":[{"embeddable":true,"href":"https:\/\/eldiariodesanpedro.com.ar\/sitio\/wp-json\/wp\/v2\/media\/34113"}],"wp:attachment":[{"href":"https:\/\/eldiariodesanpedro.com.ar\/sitio\/wp-json\/wp\/v2\/media?parent=34112"}],"wp:term":[{"taxonomy":"category","embeddable":true,"href":"https:\/\/eldiariodesanpedro.com.ar\/sitio\/wp-json\/wp\/v2\/categories?post=34112"},{"taxonomy":"post_tag","embeddable":true,"href":"https:\/\/eldiariodesanpedro.com.ar\/sitio\/wp-json\/wp\/v2\/tags?post=34112"}],"curies":[{"name":"wp","href":"https:\/\/api.w.org\/{rel}","templated":true}]}}