{"id":34088,"date":"2018-06-01T20:54:15","date_gmt":"2018-06-01T23:54:15","guid":{"rendered":"https:\/\/eldiariodesanpedro.com.ar\/sitio\/?p=34088"},"modified":"2018-06-01T20:54:15","modified_gmt":"2018-06-01T23:54:15","slug":"madres-de-los-alumnos-se-reunieron-con-la-nueva-jefa-distrital-de-educacion-2","status":"publish","type":"post","link":"https:\/\/eldiariodesanpedro.com.ar\/sitio\/madres-de-los-alumnos-se-reunieron-con-la-nueva-jefa-distrital-de-educacion-2\/","title":{"rendered":"Madres de los alumnos se reunieron con la nueva Jefa Distrital de Educaci\u00f3n"},"content":{"rendered":"<p><!-- VideographyWP Plugin Message: Automatic video embedding prevented by plugin options. --><br \/>\nHoy un grupo de madres estuvo reunido con la nueva Jefa Distrital de Educaci\u00f3n Mercedes Vell\u00f3n. La reuni\u00f3n hab\u00eda sido pactada previamente para pedir por la docente desplazada de la escuela y por la uni\u00f3n de los cursos. Estas madres se fueron tristes, pero muy conformes con el tiempo y las explicaciones que Vell\u00f3n les dedic\u00f3.<\/p>\n<p>\u201cLa verdad que nos atendi\u00f3 super bien, por m\u00e1s de una hora estuvimos reunidas; nosotros quedamos muy conformes con la reuni\u00f3n, con la atenci\u00f3n, con la predisposici\u00f3n\u201d dijo una mam\u00e1. En la reuni\u00f3n les explicaron algunas de las normativas de la docencia que, fueron las aplicadas ante una matr\u00edcula tan baja como la de la Escuela N\u00b0 15. La situaci\u00f3n es que esta escuela Juan Bautista Thorne de Vuelta de Obligado, como otras como la Escuela N\u00b0 42, N\u00b0 35, N\u00b0 7 y, como est\u00e1 ocurriendo con algunos m\u00f3dulos de Educaci\u00f3n F\u00edsica o Art\u00edstica, se est\u00e1n ajustando seg\u00fan la matr\u00edcula y algunos docentes est\u00e1n siendo desplazados de sus cargos.<\/p>\n<p>Explicaron que desde arriba se tom\u00f3 la decisi\u00f3n de desplazar a la docente con menor puntaje que, en este caso, era Luciana Maneiro, quien ha sabido ganarse el respeto y cari\u00f1o de alumnos, compa\u00f1eros, padres y comunidad por su gran compromiso con todos.<\/p>\n<p>Las mam\u00e1s pudieron expresar esto a la Jefa Distrital \u201cLe pudimos manifestar a Mercedes el valor que tiene la docente en la escuela y la comunidad, ella fue el motor de muchos proyectos en Vuelta de Obligado, como el play\u00f3n deportivo, el proyecto de M\u00fasica esperanza, el primer viaje que hicieron los chicos para conocer Buenos Aires, ahora estaba organizando el viaje a Rosario para hacer la Jura de la bandera all\u00ed\u201d. Ellas aseguran que todas las manifestaciones fueron hechas desde el amor y el cari\u00f1o a la docente y a la labor que desarroll\u00f3.<\/p>\n<p>Adem\u00e1s, se les explic\u00f3 que como padres pueden manifestarse para reclamar por la reincorporaci\u00f3n de la docente, pero que la decisi\u00f3n ya est\u00e1 tomada.<\/p>\n<p>Ellas de alguna manera entendieron que son procesos que todo docente sabe que puede suceder, pero aun as\u00ed el desarraigo ser\u00e1 doloroso para ellas y sus hijos.<\/p>\n<p>Ahora los cursos quedaron conformados de la siguiente manera:<br \/>\n1\u00b0 y 2\u00b0 juntos. Este curso ya era integrado.<br \/>\n3\u00b0 y 4\u00b0 con un Profesor. Este curso se integr\u00f3 ahora.<br \/>\n5\u00b0 y 6\u00b0 con una docente, ya era un curso integrado.<\/p>\n<p><img decoding=\"async\" data-attachment-id=\"34090\" data-permalink=\"https:\/\/eldiariodesanpedro.com.ar\/sitio\/madres-de-los-alumnos-se-reunieron-con-la-nueva-jefa-distrital-de-educacion-2\/whatsapp-image-2018-06-01-at-12-08-41\/\" data-orig-file=\"https:\/\/eldiariodesanpedro.com.ar\/sitio\/wp-content\/uploads\/2018\/06\/WhatsApp-Image-2018-06-01-at-12.08.41.jpeg\" data-orig-size=\"1280,960\" data-comments-opened=\"1\" data-image-meta=\"{&quot;aperture&quot;:&quot;0&quot;,&quot;credit&quot;:&quot;&quot;,&quot;camera&quot;:&quot;&quot;,&quot;caption&quot;:&quot;&quot;,&quot;created_timestamp&quot;:&quot;0&quot;,&quot;copyright&quot;:&quot;&quot;,&quot;focal_length&quot;:&quot;0&quot;,&quot;iso&quot;:&quot;0&quot;,&quot;shutter_speed&quot;:&quot;0&quot;,&quot;title&quot;:&quot;&quot;,&quot;orientation&quot;:&quot;0&quot;}\" data-image-title=\"WhatsApp Image 2018-06-01 at 12.08.41\" data-image-description=\"\" data-image-caption=\"\" data-large-file=\"https:\/\/eldiariodesanpedro.com.ar\/sitio\/wp-content\/uploads\/2018\/06\/WhatsApp-Image-2018-06-01-at-12.08.41-1024x768.jpeg\" class=\"size-large wp-image-34090 aligncenter lazyload\" data-src=\"https:\/\/eldiariodesanpedro.com.ar\/sitio\/wp-content\/uploads\/2018\/06\/WhatsApp-Image-2018-06-01-at-12.08.41-1024x768.jpeg\" alt=\"\" width=\"660\" height=\"495\" data-srcset=\"https:\/\/eldiariodesanpedro.com.ar\/sitio\/wp-content\/uploads\/2018\/06\/WhatsApp-Image-2018-06-01-at-12.08.41-1024x768.jpeg 1024w, https:\/\/eldiariodesanpedro.com.ar\/sitio\/wp-content\/uploads\/2018\/06\/WhatsApp-Image-2018-06-01-at-12.08.41-300x225.jpeg 300w, https:\/\/eldiariodesanpedro.com.ar\/sitio\/wp-content\/uploads\/2018\/06\/WhatsApp-Image-2018-06-01-at-12.08.41-768x576.jpeg 768w, https:\/\/eldiariodesanpedro.com.ar\/sitio\/wp-content\/uploads\/2018\/06\/WhatsApp-Image-2018-06-01-at-12.08.41.jpeg 1280w\" data-sizes=\"(max-width: 660px) 100vw, 660px\" src=\"data:image\/svg+xml;base64,PHN2ZyB3aWR0aD0iMSIgaGVpZ2h0PSIxIiB4bWxucz0iaHR0cDovL3d3dy53My5vcmcvMjAwMC9zdmciPjwvc3ZnPg==\" style=\"--smush-placeholder-width: 660px; --smush-placeholder-aspect-ratio: 660\/495;\" \/><\/p>\n","protected":false},"excerpt":{"rendered":"<p>Hoy un grupo de madres estuvo reunido con la nueva Jefa Distrital de Educaci\u00f3n Mercedes Vell\u00f3n. La reuni\u00f3n hab\u00eda sido pactada previamente para pedir por la docente desplazada de la escuela y por la uni\u00f3n de los cursos. Estas madres se fueron tristes, pero muy conformes con el tiempo y las explicaciones que Vell\u00f3n les [&hellip;]<\/p>\n","protected":false},"author":4,"featured_media":34089,"comment_status":"open","ping_status":"closed","sticky":false,"template":"","format":"standard","meta":{"om_disable_all_campaigns":false,"_jetpack_memberships_contains_paid_content":false,"footnotes":""},"categories":[50,101,2],"tags":[],"class_list":["post-34088","post","type-post","status-publish","format-standard","has-post-thumbnail","hentry","category-destacadas","category-interes-general-locales","category-locales"],"aioseo_notices":[],"gutentor_comment":0,"jetpack_featured_media_url":"https:\/\/eldiariodesanpedro.com.ar\/sitio\/wp-content\/uploads\/2018\/06\/WhatsApp-Image-2018-06-01-at-12.08.10.jpeg","jetpack_shortlink":"https:\/\/wp.me\/p6RhLt-8RO","jetpack_sharing_enabled":true,"_links":{"self":[{"href":"https:\/\/eldiariodesanpedro.com.ar\/sitio\/wp-json\/wp\/v2\/posts\/34088","targetHints":{"allow":["GET"]}}],"collection":[{"href":"https:\/\/eldiariodesanpedro.com.ar\/sitio\/wp-json\/wp\/v2\/posts"}],"about":[{"href":"https:\/\/eldiariodesanpedro.com.ar\/sitio\/wp-json\/wp\/v2\/types\/post"}],"author":[{"embeddable":true,"href":"https:\/\/eldiariodesanpedro.com.ar\/sitio\/wp-json\/wp\/v2\/users\/4"}],"replies":[{"embeddable":true,"href":"https:\/\/eldiariodesanpedro.com.ar\/sitio\/wp-json\/wp\/v2\/comments?post=34088"}],"version-history":[{"count":1,"href":"https:\/\/eldiariodesanpedro.com.ar\/sitio\/wp-json\/wp\/v2\/posts\/34088\/revisions"}],"predecessor-version":[{"id":34091,"href":"https:\/\/eldiariodesanpedro.com.ar\/sitio\/wp-json\/wp\/v2\/posts\/34088\/revisions\/34091"}],"wp:featuredmedia":[{"embeddable":true,"href":"https:\/\/eldiariodesanpedro.com.ar\/sitio\/wp-json\/wp\/v2\/media\/34089"}],"wp:attachment":[{"href":"https:\/\/eldiariodesanpedro.com.ar\/sitio\/wp-json\/wp\/v2\/media?parent=34088"}],"wp:term":[{"taxonomy":"category","embeddable":true,"href":"https:\/\/eldiariodesanpedro.com.ar\/sitio\/wp-json\/wp\/v2\/categories?post=34088"},{"taxonomy":"post_tag","embeddable":true,"href":"https:\/\/eldiariodesanpedro.com.ar\/sitio\/wp-json\/wp\/v2\/tags?post=34088"}],"curies":[{"name":"wp","href":"https:\/\/api.w.org\/{rel}","templated":true}]}}