{"id":34083,"date":"2018-06-01T20:41:30","date_gmt":"2018-06-01T23:41:30","guid":{"rendered":"https:\/\/eldiariodesanpedro.com.ar\/sitio\/?p=34083"},"modified":"2018-06-01T20:41:30","modified_gmt":"2018-06-01T23:41:30","slug":"zarate-un-motociclista-impacto-contra-un-automovil","status":"publish","type":"post","link":"https:\/\/eldiariodesanpedro.com.ar\/sitio\/zarate-un-motociclista-impacto-contra-un-automovil\/","title":{"rendered":"ZARATE: Un motociclista impact\u00f3 contra un autom\u00f3vil"},"content":{"rendered":"<p><!-- VideographyWP Plugin Message: Automatic video embedding prevented by plugin options. --><br \/>\nEste mediod\u00eda en calle Justa Lima, y a pocos metros del cruce con Pellegrini, el conductor de una Zanella ZR 250cc impact\u00f3 contra la caja de una Fiat Toro en el que viajaba un hombre y un peque\u00f1o chico.<\/p>\n<p>El muchacho qued\u00f3 tendido en el suelo ante la llegada de la ambulancia del SEMU; sufri\u00f3 algunos cortes en su rostro que no ser\u00edan de gravedad. Los m\u00e9dicos le colocaron el cuello y lo trasladaron al Hospital Virgen del Carmen para que pueda ser atendido correctamente.<\/p>\n<p>Debido a la congesti\u00f3n vehicular que se estaba produciendo, el Comando Patrulla tuvo que desviar el tr\u00e1nsito una cuadra antes.<\/p>\n<p>Fuente: Enlace Critico<\/p>\n","protected":false},"excerpt":{"rendered":"<p>Este mediod\u00eda en calle Justa Lima, y a pocos metros del cruce con Pellegrini, el conductor de una Zanella ZR 250cc impact\u00f3 contra la caja de una Fiat Toro en el que viajaba un hombre y un peque\u00f1o chico. El muchacho qued\u00f3 tendido en el suelo ante la llegada de la ambulancia del SEMU; sufri\u00f3 [&hellip;]<\/p>\n","protected":false},"author":4,"featured_media":34086,"comment_status":"open","ping_status":"closed","sticky":false,"template":"","format":"standard","meta":{"om_disable_all_campaigns":false,"_jetpack_memberships_contains_paid_content":false,"footnotes":""},"categories":[621],"tags":[],"class_list":["post-34083","post","type-post","status-publish","format-standard","has-post-thumbnail","hentry","category-regionales"],"aioseo_notices":[],"gutentor_comment":0,"jetpack_featured_media_url":"https:\/\/eldiariodesanpedro.com.ar\/sitio\/wp-content\/uploads\/2018\/06\/Choque-2.jpg","jetpack_shortlink":"https:\/\/wp.me\/p6RhLt-8RJ","jetpack_sharing_enabled":true,"_links":{"self":[{"href":"https:\/\/eldiariodesanpedro.com.ar\/sitio\/wp-json\/wp\/v2\/posts\/34083","targetHints":{"allow":["GET"]}}],"collection":[{"href":"https:\/\/eldiariodesanpedro.com.ar\/sitio\/wp-json\/wp\/v2\/posts"}],"about":[{"href":"https:\/\/eldiariodesanpedro.com.ar\/sitio\/wp-json\/wp\/v2\/types\/post"}],"author":[{"embeddable":true,"href":"https:\/\/eldiariodesanpedro.com.ar\/sitio\/wp-json\/wp\/v2\/users\/4"}],"replies":[{"embeddable":true,"href":"https:\/\/eldiariodesanpedro.com.ar\/sitio\/wp-json\/wp\/v2\/comments?post=34083"}],"version-history":[{"count":1,"href":"https:\/\/eldiariodesanpedro.com.ar\/sitio\/wp-json\/wp\/v2\/posts\/34083\/revisions"}],"predecessor-version":[{"id":34087,"href":"https:\/\/eldiariodesanpedro.com.ar\/sitio\/wp-json\/wp\/v2\/posts\/34083\/revisions\/34087"}],"wp:featuredmedia":[{"embeddable":true,"href":"https:\/\/eldiariodesanpedro.com.ar\/sitio\/wp-json\/wp\/v2\/media\/34086"}],"wp:attachment":[{"href":"https:\/\/eldiariodesanpedro.com.ar\/sitio\/wp-json\/wp\/v2\/media?parent=34083"}],"wp:term":[{"taxonomy":"category","embeddable":true,"href":"https:\/\/eldiariodesanpedro.com.ar\/sitio\/wp-json\/wp\/v2\/categories?post=34083"},{"taxonomy":"post_tag","embeddable":true,"href":"https:\/\/eldiariodesanpedro.com.ar\/sitio\/wp-json\/wp\/v2\/tags?post=34083"}],"curies":[{"name":"wp","href":"https:\/\/api.w.org\/{rel}","templated":true}]}}