{"id":34068,"date":"2018-06-01T17:10:57","date_gmt":"2018-06-01T20:10:57","guid":{"rendered":"https:\/\/eldiariodesanpedro.com.ar\/sitio\/?p=34068"},"modified":"2018-06-01T17:10:57","modified_gmt":"2018-06-01T20:10:57","slug":"baradero-un-perro-mordio-a-un-joven-en-la-via-publica-que-pasa-con-los-perros-abandonados","status":"publish","type":"post","link":"https:\/\/eldiariodesanpedro.com.ar\/sitio\/baradero-un-perro-mordio-a-un-joven-en-la-via-publica-que-pasa-con-los-perros-abandonados\/","title":{"rendered":"BARADERO: Un perro mordi\u00f3 a un joven en la v\u00eda p\u00fablica \u00bfqu\u00e9 pasa con los perros abandonados?"},"content":{"rendered":"<p><!-- VideographyWP Plugin Message: Automatic video embedding prevented by plugin options. --><br \/>\nEl hecho fue en la zona de la terminal este jueves por la noche. Una situaci\u00f3n que lamentablemente se repite en nuestra ciudad. Mar\u00eda Jos\u00e9, mam\u00e1 del joven atacado, cont\u00f3 lo ocurrido en 105.7 Tu Radio y exige una soluci\u00f3n sobre los perros callejeros. Por su parte, Heraldo Bogliolo \u2013 Director de Bromatolog\u00eda de nuestra ciudad- se refiri\u00f3 a esta problem\u00e1tica en Contacto Directo y explic\u00f3 las limitaciones del \u00e1rea para resolverlo. <\/p>\n<p>\u201cMi hijo sali\u00f3 a buscar a un compa\u00f1ero y para en el sem\u00e1foro de la terminal. Cuando fue a salir del sem\u00e1foro, el perro lo atac\u00f3. Ya me hab\u00eda pasado a m\u00ed, que tuve que esperar que el perro se corra para salir. La semana pasada adem\u00e1s mordi\u00f3 a la nenita de un amigo\u201d<\/p>\n<p>Mar\u00eda Jos\u00e9, expres\u00f3  \u201cse podr\u00eda haber ca\u00eddo, quebrado, son accidentes que se pueden evitar. Si tienen due\u00f1os, que los encierren; y si son de la calle que tomen alguna medida\u201d.<\/p>\n<p>El testimonio de Mar\u00eda Jos\u00e9 fue el puntapi\u00e9 para que otros vecinos se sumen al reclamo respecto del miedo con el que circulan diariamente. Varios de ellos expresaron haber sido mordidos por perros.<\/p>\n<p>Bogliolo manifest\u00f3 que muchas veces se acercan desde el municipio a los domicilios pero los vecinos afirman no ser due\u00f1os ni responsables de los peros. \u201cTe dicen que s\u00f3lo le dan de comer algunas veces\u201d dijo Bogliolo explicando que eso produce que los animales consideren esa zona como su territorio.<\/p>\n<p>Adem\u00e1s explic\u00f3 que los caniles est\u00e1n ocupados por la protectora y que por eso, al no disponer de un espacio municipal acorde, no pueden encerrar a los animales. Incluso aclar\u00f3, luego de un mensaje de un oyente que lo insinuaba, que la eutanasia en esas situaciones est\u00e1 prohibida.<\/p>\n<p>Por otro lado, aclar\u00f3 que ninguna organizaci\u00f3n de adopci\u00f3n responsable dar\u00e1 uno de esos perros en adopci\u00f3n porque se corre el riesgo de que muerda a un integrante de la familia.<\/p>\n<p>Se produjeron numerosos reclamos de mordidas por parte de los vecinos. As\u00ed como tambi\u00e9n solicitudes de que el municipio sea  el responsable ante esta situaci\u00f3n. El Director afirm\u00f3 que se compromete a hablar con los funcionarios del gobierno comunal para intentar arribar a una soluci\u00f3n desde el Estado.<\/p>\n<p>Fuente: Tu Linea Directa<\/p>\n","protected":false},"excerpt":{"rendered":"<p>El hecho fue en la zona de la terminal este jueves por la noche. Una situaci\u00f3n que lamentablemente se repite en nuestra ciudad. Mar\u00eda Jos\u00e9, mam\u00e1 del joven atacado, cont\u00f3 lo ocurrido en 105.7 Tu Radio y exige una soluci\u00f3n sobre los perros callejeros. Por su parte, Heraldo Bogliolo \u2013 Director de Bromatolog\u00eda de nuestra [&hellip;]<\/p>\n","protected":false},"author":4,"featured_media":34069,"comment_status":"open","ping_status":"closed","sticky":false,"template":"","format":"standard","meta":{"om_disable_all_campaigns":false,"_jetpack_memberships_contains_paid_content":false,"footnotes":""},"categories":[621],"tags":[],"class_list":["post-34068","post","type-post","status-publish","format-standard","has-post-thumbnail","hentry","category-regionales"],"aioseo_notices":[],"gutentor_comment":0,"jetpack_featured_media_url":"https:\/\/eldiariodesanpedro.com.ar\/sitio\/wp-content\/uploads\/2018\/06\/perros-681x453.jpg","jetpack_shortlink":"https:\/\/wp.me\/p6RhLt-8Ru","jetpack_sharing_enabled":true,"_links":{"self":[{"href":"https:\/\/eldiariodesanpedro.com.ar\/sitio\/wp-json\/wp\/v2\/posts\/34068","targetHints":{"allow":["GET"]}}],"collection":[{"href":"https:\/\/eldiariodesanpedro.com.ar\/sitio\/wp-json\/wp\/v2\/posts"}],"about":[{"href":"https:\/\/eldiariodesanpedro.com.ar\/sitio\/wp-json\/wp\/v2\/types\/post"}],"author":[{"embeddable":true,"href":"https:\/\/eldiariodesanpedro.com.ar\/sitio\/wp-json\/wp\/v2\/users\/4"}],"replies":[{"embeddable":true,"href":"https:\/\/eldiariodesanpedro.com.ar\/sitio\/wp-json\/wp\/v2\/comments?post=34068"}],"version-history":[{"count":1,"href":"https:\/\/eldiariodesanpedro.com.ar\/sitio\/wp-json\/wp\/v2\/posts\/34068\/revisions"}],"predecessor-version":[{"id":34070,"href":"https:\/\/eldiariodesanpedro.com.ar\/sitio\/wp-json\/wp\/v2\/posts\/34068\/revisions\/34070"}],"wp:featuredmedia":[{"embeddable":true,"href":"https:\/\/eldiariodesanpedro.com.ar\/sitio\/wp-json\/wp\/v2\/media\/34069"}],"wp:attachment":[{"href":"https:\/\/eldiariodesanpedro.com.ar\/sitio\/wp-json\/wp\/v2\/media?parent=34068"}],"wp:term":[{"taxonomy":"category","embeddable":true,"href":"https:\/\/eldiariodesanpedro.com.ar\/sitio\/wp-json\/wp\/v2\/categories?post=34068"},{"taxonomy":"post_tag","embeddable":true,"href":"https:\/\/eldiariodesanpedro.com.ar\/sitio\/wp-json\/wp\/v2\/tags?post=34068"}],"curies":[{"name":"wp","href":"https:\/\/api.w.org\/{rel}","templated":true}]}}