{"id":34065,"date":"2018-06-01T17:08:00","date_gmt":"2018-06-01T20:08:00","guid":{"rendered":"https:\/\/eldiariodesanpedro.com.ar\/sitio\/?p=34065"},"modified":"2018-06-01T17:08:00","modified_gmt":"2018-06-01T20:08:00","slug":"baradero-robaron-en-la-cabana-municipal-de-la-rotonda","status":"publish","type":"post","link":"https:\/\/eldiariodesanpedro.com.ar\/sitio\/baradero-robaron-en-la-cabana-municipal-de-la-rotonda\/","title":{"rendered":"BARADERO: Robaron en la caba\u00f1a municipal de la rotonda"},"content":{"rendered":"<p><!-- VideographyWP Plugin Message: Automatic video embedding prevented by plugin options. --><br \/>\nEl hecho fue descubierto este jueves por los trabajadores municipales. Se trata de la caba\u00f1a que se encuentra frente a la rotonda en la zona de juegos deportivos. <\/p>\n<p>Del lugar se llevaron varios metros de cables y dos tarimas de madera.  Los elementos se encontraban en uso para la terminaci\u00f3n de la escalera tur\u00edstica que lleva al Cristo de la Hermandad.  Para ingresar rompieron los vidrios de una ventana.<\/p>\n<p>Un empleado municipal, quien cumple tareas de mantenimiento dicha  caba\u00f1a ubicada en Ruta 41 y Almirante Brown, denunci\u00f3 el hecho en la comisar\u00eda comunal.  Interviene en la causa la Fiscal\u00eda N\u00ba 9.<\/p>\n<p>Fuente: tu Linea Directa<\/p>\n","protected":false},"excerpt":{"rendered":"<p>El hecho fue descubierto este jueves por los trabajadores municipales. Se trata de la caba\u00f1a que se encuentra frente a la rotonda en la zona de juegos deportivos. Del lugar se llevaron varios metros de cables y dos tarimas de madera. Los elementos se encontraban en uso para la terminaci\u00f3n de la escalera tur\u00edstica que [&hellip;]<\/p>\n","protected":false},"author":4,"featured_media":34066,"comment_status":"open","ping_status":"closed","sticky":false,"template":"","format":"standard","meta":{"om_disable_all_campaigns":false,"_jetpack_memberships_contains_paid_content":false,"footnotes":""},"categories":[621],"tags":[],"class_list":["post-34065","post","type-post","status-publish","format-standard","has-post-thumbnail","hentry","category-regionales"],"aioseo_notices":[],"gutentor_comment":0,"jetpack_featured_media_url":"https:\/\/eldiariodesanpedro.com.ar\/sitio\/wp-content\/uploads\/2018\/06\/PAGINA-7.jpg","jetpack_shortlink":"https:\/\/wp.me\/p6RhLt-8Rr","jetpack_sharing_enabled":true,"_links":{"self":[{"href":"https:\/\/eldiariodesanpedro.com.ar\/sitio\/wp-json\/wp\/v2\/posts\/34065","targetHints":{"allow":["GET"]}}],"collection":[{"href":"https:\/\/eldiariodesanpedro.com.ar\/sitio\/wp-json\/wp\/v2\/posts"}],"about":[{"href":"https:\/\/eldiariodesanpedro.com.ar\/sitio\/wp-json\/wp\/v2\/types\/post"}],"author":[{"embeddable":true,"href":"https:\/\/eldiariodesanpedro.com.ar\/sitio\/wp-json\/wp\/v2\/users\/4"}],"replies":[{"embeddable":true,"href":"https:\/\/eldiariodesanpedro.com.ar\/sitio\/wp-json\/wp\/v2\/comments?post=34065"}],"version-history":[{"count":1,"href":"https:\/\/eldiariodesanpedro.com.ar\/sitio\/wp-json\/wp\/v2\/posts\/34065\/revisions"}],"predecessor-version":[{"id":34067,"href":"https:\/\/eldiariodesanpedro.com.ar\/sitio\/wp-json\/wp\/v2\/posts\/34065\/revisions\/34067"}],"wp:featuredmedia":[{"embeddable":true,"href":"https:\/\/eldiariodesanpedro.com.ar\/sitio\/wp-json\/wp\/v2\/media\/34066"}],"wp:attachment":[{"href":"https:\/\/eldiariodesanpedro.com.ar\/sitio\/wp-json\/wp\/v2\/media?parent=34065"}],"wp:term":[{"taxonomy":"category","embeddable":true,"href":"https:\/\/eldiariodesanpedro.com.ar\/sitio\/wp-json\/wp\/v2\/categories?post=34065"},{"taxonomy":"post_tag","embeddable":true,"href":"https:\/\/eldiariodesanpedro.com.ar\/sitio\/wp-json\/wp\/v2\/tags?post=34065"}],"curies":[{"name":"wp","href":"https:\/\/api.w.org\/{rel}","templated":true}]}}