{"id":34062,"date":"2018-06-01T17:05:40","date_gmt":"2018-06-01T20:05:40","guid":{"rendered":"https:\/\/eldiariodesanpedro.com.ar\/sitio\/?p=34062"},"modified":"2018-06-01T17:05:40","modified_gmt":"2018-06-01T20:05:40","slug":"campana-el-same-campana-ya-tiene-las-ambulancias-para-comenzar-a-operar","status":"publish","type":"post","link":"https:\/\/eldiariodesanpedro.com.ar\/sitio\/campana-el-same-campana-ya-tiene-las-ambulancias-para-comenzar-a-operar\/","title":{"rendered":"CAMPANA: El SAME Campana ya tiene las ambulancias para comenzar a operar"},"content":{"rendered":"<p><!-- VideographyWP Plugin Message: Automatic video embedding prevented by plugin options. --><br \/>\nEl intendente Abella estuvo al frente de la presentaci\u00f3n de los tres nuevos m\u00f3viles, totalmente equipados con tecnolog\u00eda de punta para asistir a cualquier vecino ante una emergencia.<br \/>\nEl intendente Sebasti\u00e1n Abella present\u00f3 ayer tres nuevas ambulancias de alta complejidad que formar\u00e1n parte del Sistema de Atenci\u00f3n M\u00e9dica de Emergencias Provincia (SAME) que comenzar\u00e1 a funcionar en Campana.<\/p>\n<p>Junto al coordinador General del SAME Provincia, Federico Pupillo \u2013con quien firm\u00f3 un comodato- el jefe comunal agradeci\u00f3 a la gobernadora bonaerense Mar\u00eda Eugenia Vidal la implementaci\u00f3n de este sistema en la ciudad \u00abporque permitir\u00e1 reforzar el sistema de salud local\u00bb.<\/p>\n<p>Tambi\u00e9n se\u00f1al\u00f3 que \u00abpara la gesti\u00f3n es un desaf\u00edo muy grande pero que concretamos con mucha alegr\u00eda porque permitir\u00e1 brindar a los vecinos un mejor servicio\u00bb.<\/p>\n<p>Respecto a su implementaci\u00f3n, Abella se\u00f1al\u00f3 que se est\u00e1n ultimando detalles para que funcione en el corto plazo y se est\u00e1 terminando de definir el trabajo en conjunto que realizar\u00e1 con los Bomberos Voluntarios de la ciudad.<\/p>\n<p>Por su parte, Pupillo destac\u00f3 el gran trabajo realizado en conjunto con el Municipio, al tiempo que sostuvo que el SAME lleg\u00f3 a la cuidad a complementar el servicio local de salud.<\/p>\n<p>Asimismo, resalt\u00f3 que \u00ablas ambulancias cuentan con un desfibrilador de \u00faltima tecnolog\u00eda y con equipamiento m\u00e9dico para cada una de las pr\u00e1cticas necesarias ante cualquier caso de emergencia\u00bb.<\/p>\n<p>En tanto que, la directora de Desarrollo Estrat\u00e9gico, Cecilia Bernatzky, el objetivo de la llegada del SAME es trabajar de manera articulada con Bomberos y mejorar el sistema de pre-hospitalizaci\u00f3n de emergencias m\u00e9dicas, tanto el c\u00f3digo rojo, como atenci\u00f3n de pacientes traumatizados por accidentes en v\u00eda publica.<\/p>\n<p>Y la directora de Salud Comunitaria, Cecilia Acciardi, se mostr\u00f3 muy conforme con el trabajo de bomberos y dijo que \u00abde manera mancomunada, el SAME permitir\u00e1 que, ante una emergencia, un m\u00e9dico asista a las v\u00edctimas\u00bb.<\/p>\n<p>Fuente: Campana Noticias<\/p>\n","protected":false},"excerpt":{"rendered":"<p>El intendente Abella estuvo al frente de la presentaci\u00f3n de los tres nuevos m\u00f3viles, totalmente equipados con tecnolog\u00eda de punta para asistir a cualquier vecino ante una emergencia. El intendente Sebasti\u00e1n Abella present\u00f3 ayer tres nuevas ambulancias de alta complejidad que formar\u00e1n parte del Sistema de Atenci\u00f3n M\u00e9dica de Emergencias Provincia (SAME) que comenzar\u00e1 a [&hellip;]<\/p>\n","protected":false},"author":4,"featured_media":34063,"comment_status":"open","ping_status":"closed","sticky":false,"template":"","format":"standard","meta":{"om_disable_all_campaigns":false,"_jetpack_memberships_contains_paid_content":false,"footnotes":""},"categories":[621],"tags":[],"class_list":["post-34062","post","type-post","status-publish","format-standard","has-post-thumbnail","hentry","category-regionales"],"aioseo_notices":[],"gutentor_comment":0,"jetpack_featured_media_url":"https:\/\/eldiariodesanpedro.com.ar\/sitio\/wp-content\/uploads\/2018\/06\/20180530062920.jpg","jetpack_shortlink":"https:\/\/wp.me\/p6RhLt-8Ro","jetpack_sharing_enabled":true,"_links":{"self":[{"href":"https:\/\/eldiariodesanpedro.com.ar\/sitio\/wp-json\/wp\/v2\/posts\/34062","targetHints":{"allow":["GET"]}}],"collection":[{"href":"https:\/\/eldiariodesanpedro.com.ar\/sitio\/wp-json\/wp\/v2\/posts"}],"about":[{"href":"https:\/\/eldiariodesanpedro.com.ar\/sitio\/wp-json\/wp\/v2\/types\/post"}],"author":[{"embeddable":true,"href":"https:\/\/eldiariodesanpedro.com.ar\/sitio\/wp-json\/wp\/v2\/users\/4"}],"replies":[{"embeddable":true,"href":"https:\/\/eldiariodesanpedro.com.ar\/sitio\/wp-json\/wp\/v2\/comments?post=34062"}],"version-history":[{"count":1,"href":"https:\/\/eldiariodesanpedro.com.ar\/sitio\/wp-json\/wp\/v2\/posts\/34062\/revisions"}],"predecessor-version":[{"id":34064,"href":"https:\/\/eldiariodesanpedro.com.ar\/sitio\/wp-json\/wp\/v2\/posts\/34062\/revisions\/34064"}],"wp:featuredmedia":[{"embeddable":true,"href":"https:\/\/eldiariodesanpedro.com.ar\/sitio\/wp-json\/wp\/v2\/media\/34063"}],"wp:attachment":[{"href":"https:\/\/eldiariodesanpedro.com.ar\/sitio\/wp-json\/wp\/v2\/media?parent=34062"}],"wp:term":[{"taxonomy":"category","embeddable":true,"href":"https:\/\/eldiariodesanpedro.com.ar\/sitio\/wp-json\/wp\/v2\/categories?post=34062"},{"taxonomy":"post_tag","embeddable":true,"href":"https:\/\/eldiariodesanpedro.com.ar\/sitio\/wp-json\/wp\/v2\/tags?post=34062"}],"curies":[{"name":"wp","href":"https:\/\/api.w.org\/{rel}","templated":true}]}}