{"id":34010,"date":"2018-06-01T09:59:30","date_gmt":"2018-06-01T12:59:30","guid":{"rendered":"https:\/\/eldiariodesanpedro.com.ar\/sitio\/?p=34010"},"modified":"2018-06-01T09:59:30","modified_gmt":"2018-06-01T12:59:30","slug":"dos-jovenes-aprehendidos-que-circulaban-en-motos-con-pedido-de-secuestro-activo","status":"publish","type":"post","link":"https:\/\/eldiariodesanpedro.com.ar\/sitio\/dos-jovenes-aprehendidos-que-circulaban-en-motos-con-pedido-de-secuestro-activo\/","title":{"rendered":"Dos j\u00f3venes aprehendidos que circulaban en motos con pedido de secuestro activo"},"content":{"rendered":"<p><!-- VideographyWP Plugin Message: Automatic video embedding prevented by plugin options. --><br \/>\nUn joven de 22 a\u00f1os y uno de 19 fueron aprehendidos tras circular en motos con pedido de secuestro activo, las dos por el delito de hurto.<\/p>\n<p>El Jueves por la tarde personal policial en intersecci\u00f3n de calle Mitre y Las Heras procedi\u00f3 a la aprehensi\u00f3n de un joven de 22 a\u00f1os que circulaba en una motocicleta 110 cc y a otro de 19 que circulaba en un rodado similar al anterior que al cursar los n\u00fameros de chasis y motor por el sistema informativo se estableci\u00f3 que tienen pedido de secuestro activo por el delito de hurto, una de ellas en fiscal\u00eda N\u00ba 5 de San Pedro y la otra en Fiscalia N\u00ba 8 Baradero.<\/p>\n<p>Se trasladan los aprehendidos a dependencia local, se les dispuso notificaci\u00f3n del contenido del delito, sin disponer otra medida procesal.<\/p>\n","protected":false},"excerpt":{"rendered":"<p>Un joven de 22 a\u00f1os y uno de 19 fueron aprehendidos tras circular en motos con pedido de secuestro activo, las dos por el delito de hurto. El Jueves por la tarde personal policial en intersecci\u00f3n de calle Mitre y Las Heras procedi\u00f3 a la aprehensi\u00f3n de un joven de 22 a\u00f1os que circulaba en [&hellip;]<\/p>\n","protected":false},"author":4,"featured_media":9121,"comment_status":"open","ping_status":"closed","sticky":false,"template":"","format":"standard","meta":{"om_disable_all_campaigns":false,"_jetpack_memberships_contains_paid_content":false,"footnotes":""},"categories":[2,103],"tags":[],"class_list":["post-34010","post","type-post","status-publish","format-standard","has-post-thumbnail","hentry","category-locales","category-policiales-locales"],"aioseo_notices":[],"gutentor_comment":0,"jetpack_featured_media_url":"https:\/\/eldiariodesanpedro.com.ar\/sitio\/wp-content\/uploads\/2016\/10\/motos-secuestradas.jpg","jetpack_shortlink":"https:\/\/wp.me\/p6RhLt-8Qy","jetpack_sharing_enabled":true,"_links":{"self":[{"href":"https:\/\/eldiariodesanpedro.com.ar\/sitio\/wp-json\/wp\/v2\/posts\/34010","targetHints":{"allow":["GET"]}}],"collection":[{"href":"https:\/\/eldiariodesanpedro.com.ar\/sitio\/wp-json\/wp\/v2\/posts"}],"about":[{"href":"https:\/\/eldiariodesanpedro.com.ar\/sitio\/wp-json\/wp\/v2\/types\/post"}],"author":[{"embeddable":true,"href":"https:\/\/eldiariodesanpedro.com.ar\/sitio\/wp-json\/wp\/v2\/users\/4"}],"replies":[{"embeddable":true,"href":"https:\/\/eldiariodesanpedro.com.ar\/sitio\/wp-json\/wp\/v2\/comments?post=34010"}],"version-history":[{"count":1,"href":"https:\/\/eldiariodesanpedro.com.ar\/sitio\/wp-json\/wp\/v2\/posts\/34010\/revisions"}],"predecessor-version":[{"id":34011,"href":"https:\/\/eldiariodesanpedro.com.ar\/sitio\/wp-json\/wp\/v2\/posts\/34010\/revisions\/34011"}],"wp:featuredmedia":[{"embeddable":true,"href":"https:\/\/eldiariodesanpedro.com.ar\/sitio\/wp-json\/wp\/v2\/media\/9121"}],"wp:attachment":[{"href":"https:\/\/eldiariodesanpedro.com.ar\/sitio\/wp-json\/wp\/v2\/media?parent=34010"}],"wp:term":[{"taxonomy":"category","embeddable":true,"href":"https:\/\/eldiariodesanpedro.com.ar\/sitio\/wp-json\/wp\/v2\/categories?post=34010"},{"taxonomy":"post_tag","embeddable":true,"href":"https:\/\/eldiariodesanpedro.com.ar\/sitio\/wp-json\/wp\/v2\/tags?post=34010"}],"curies":[{"name":"wp","href":"https:\/\/api.w.org\/{rel}","templated":true}]}}