{"id":34008,"date":"2018-06-01T09:54:42","date_gmt":"2018-06-01T12:54:42","guid":{"rendered":"https:\/\/eldiariodesanpedro.com.ar\/sitio\/?p=34008"},"modified":"2018-06-01T09:54:42","modified_gmt":"2018-06-01T12:54:42","slug":"intento-de-robo-en-el-corralon-municipal","status":"publish","type":"post","link":"https:\/\/eldiariodesanpedro.com.ar\/sitio\/intento-de-robo-en-el-corralon-municipal\/","title":{"rendered":"Intento de robo en el corral\u00f3n Municipal"},"content":{"rendered":"<p><!-- VideographyWP Plugin Message: Automatic video embedding prevented by plugin options. --><br \/>\nUn delincuente fue sorprendido dentro de un corral de caballos secuestrados y luego se dio a la fuga, hab\u00eda da\u00f1os en los cercos perimetrales.<\/p>\n<p>El d\u00eda jueves por la tarde un empleado Municipal, resultando ser el sereno del Corral\u00f3n Municipal se dirigi\u00f3 a comisar\u00eda para radicar la denuncia donde dice que la noche anterior que se encontraba trabajando y de recorrida por el predio, al o\u00edr los perros ladrar se acerca al corral de caballos  secuestrados y dentro del mismo sorprende a un delincuente que se da a la fuga perdi\u00e9ndose en la oscuridad del campo.<\/p>\n<p>No nota faltantes, si da\u00f1os en los cercos perimetrales. <\/p>\n","protected":false},"excerpt":{"rendered":"<p>Un delincuente fue sorprendido dentro de un corral de caballos secuestrados y luego se dio a la fuga, hab\u00eda da\u00f1os en los cercos perimetrales. El d\u00eda jueves por la tarde un empleado Municipal, resultando ser el sereno del Corral\u00f3n Municipal se dirigi\u00f3 a comisar\u00eda para radicar la denuncia donde dice que la noche anterior que [&hellip;]<\/p>\n","protected":false},"author":4,"featured_media":32751,"comment_status":"open","ping_status":"closed","sticky":false,"template":"","format":"standard","meta":{"om_disable_all_campaigns":false,"_jetpack_memberships_contains_paid_content":false,"footnotes":""},"categories":[2,103],"tags":[],"class_list":["post-34008","post","type-post","status-publish","format-standard","has-post-thumbnail","hentry","category-locales","category-policiales-locales"],"aioseo_notices":[],"gutentor_comment":0,"jetpack_featured_media_url":"https:\/\/eldiariodesanpedro.com.ar\/sitio\/wp-content\/uploads\/2018\/05\/WhatsApp-Image-2018-05-07-at-10.13.53.jpeg","jetpack_shortlink":"https:\/\/wp.me\/p6RhLt-8Qw","jetpack_sharing_enabled":true,"_links":{"self":[{"href":"https:\/\/eldiariodesanpedro.com.ar\/sitio\/wp-json\/wp\/v2\/posts\/34008","targetHints":{"allow":["GET"]}}],"collection":[{"href":"https:\/\/eldiariodesanpedro.com.ar\/sitio\/wp-json\/wp\/v2\/posts"}],"about":[{"href":"https:\/\/eldiariodesanpedro.com.ar\/sitio\/wp-json\/wp\/v2\/types\/post"}],"author":[{"embeddable":true,"href":"https:\/\/eldiariodesanpedro.com.ar\/sitio\/wp-json\/wp\/v2\/users\/4"}],"replies":[{"embeddable":true,"href":"https:\/\/eldiariodesanpedro.com.ar\/sitio\/wp-json\/wp\/v2\/comments?post=34008"}],"version-history":[{"count":1,"href":"https:\/\/eldiariodesanpedro.com.ar\/sitio\/wp-json\/wp\/v2\/posts\/34008\/revisions"}],"predecessor-version":[{"id":34009,"href":"https:\/\/eldiariodesanpedro.com.ar\/sitio\/wp-json\/wp\/v2\/posts\/34008\/revisions\/34009"}],"wp:featuredmedia":[{"embeddable":true,"href":"https:\/\/eldiariodesanpedro.com.ar\/sitio\/wp-json\/wp\/v2\/media\/32751"}],"wp:attachment":[{"href":"https:\/\/eldiariodesanpedro.com.ar\/sitio\/wp-json\/wp\/v2\/media?parent=34008"}],"wp:term":[{"taxonomy":"category","embeddable":true,"href":"https:\/\/eldiariodesanpedro.com.ar\/sitio\/wp-json\/wp\/v2\/categories?post=34008"},{"taxonomy":"post_tag","embeddable":true,"href":"https:\/\/eldiariodesanpedro.com.ar\/sitio\/wp-json\/wp\/v2\/tags?post=34008"}],"curies":[{"name":"wp","href":"https:\/\/api.w.org\/{rel}","templated":true}]}}