{"id":34005,"date":"2018-06-01T09:42:28","date_gmt":"2018-06-01T12:42:28","guid":{"rendered":"https:\/\/eldiariodesanpedro.com.ar\/sitio\/?p=34005"},"modified":"2018-06-01T09:50:47","modified_gmt":"2018-06-01T12:50:47","slug":"sabado-manos-a-la-tierra","status":"publish","type":"post","link":"https:\/\/eldiariodesanpedro.com.ar\/sitio\/sabado-manos-a-la-tierra\/","title":{"rendered":"S\u00e1bado Manos a la tierra"},"content":{"rendered":"<p><!-- VideographyWP Plugin Message: Automatic video embedding prevented by plugin options. --><br \/>\nEl 2 de junio se desarrollar\u00e1 en el INTA San Pedro una jornada de todo el d\u00eda enfocada en los agricultores familiares de nuestra zona. Ser\u00e1 de 9.30 a 17 hs y contar\u00e1 con un intenso programa que busca aportar herramientas \u00fatiles para fortalecer su labor.<\/p>\n<p>Con la \u00abAsociaci\u00f3n Civil Frutos de la tierra y el r\u00edo\u00bb como anfitriones, y el equipo t\u00e9cnico que acompa\u00f1a desde el Ministerio de Agroindustria con Agricultura Familiar y Desarrollo, la Municipalidad de San Pedro, y el INTA, el encuentro tiene como finalidad generar un espacio de intercambio entre  productores que por el tipo de actividad que realizan no suele estar contenido en otras organizaciones.<\/p>\n<p>El encuentro tiene distintos momentos y ofrece un programa intenso as\u00ed como un \u00e1mbito de camarader\u00eda para compartir un almuerzo a la canasta. Tras las bienvenida de las instituciones participantes con eje en el nuevo espacio que los agricultores familiares tienen para referenciarse en nuestra zona, se realizar\u00e1 un taller coordinado por David Bur\u00edn, consultor del IICA y de varias instituciones y organizaciones vinculadas a la agricultura familiar. Por la tarde Javier Silva, de la Municipalidad de San Pedro, dar\u00e1 un panorama sobre \u00abTenencia de tierra y regularizaci\u00f3n\u00bb, problema recurrente del sector. El espacio tambi\u00e9n contar\u00e1 con la presencia de Mat\u00edas Crespo Pazos, del programa PronTAR del Ministerio de Agroindustria, que es un nuevo enfoque para dar soluciones a un sector de esta producci\u00f3n. El resto de la tarde estar\u00e1 a cargo de la contadora Patricia Navinez que dar\u00e1 un panorama pr\u00e1ctico para los productores respecto de las posibilidades de los productores de formalizar su actividad y los beneficios de hacerlo.<\/p>\n<p>Encontrar\u00e1n un espacio de intercambio, con pares con la misma problem\u00e1tica y un equipo t\u00e9cnico reorganizando su labor para poder atender la variedad de problem\u00e1tica.<\/p>\n","protected":false},"excerpt":{"rendered":"<p>El 2 de junio se desarrollar\u00e1 en el INTA San Pedro una jornada de todo el d\u00eda enfocada en los agricultores familiares de nuestra zona. Ser\u00e1 de 9.30 a 17 hs y contar\u00e1 con un intenso programa que busca aportar herramientas \u00fatiles para fortalecer su labor. Con la \u00abAsociaci\u00f3n Civil Frutos de la tierra y [&hellip;]<\/p>\n","protected":false},"author":4,"featured_media":34007,"comment_status":"open","ping_status":"closed","sticky":false,"template":"","format":"standard","meta":{"om_disable_all_campaigns":false,"_jetpack_memberships_contains_paid_content":false,"footnotes":""},"categories":[101,2],"tags":[],"class_list":["post-34005","post","type-post","status-publish","format-standard","has-post-thumbnail","hentry","category-interes-general-locales","category-locales"],"aioseo_notices":[],"gutentor_comment":0,"jetpack_featured_media_url":"https:\/\/eldiariodesanpedro.com.ar\/sitio\/wp-content\/uploads\/2018\/06\/unnamed.png","jetpack_shortlink":"https:\/\/wp.me\/p6RhLt-8Qt","jetpack_sharing_enabled":true,"_links":{"self":[{"href":"https:\/\/eldiariodesanpedro.com.ar\/sitio\/wp-json\/wp\/v2\/posts\/34005","targetHints":{"allow":["GET"]}}],"collection":[{"href":"https:\/\/eldiariodesanpedro.com.ar\/sitio\/wp-json\/wp\/v2\/posts"}],"about":[{"href":"https:\/\/eldiariodesanpedro.com.ar\/sitio\/wp-json\/wp\/v2\/types\/post"}],"author":[{"embeddable":true,"href":"https:\/\/eldiariodesanpedro.com.ar\/sitio\/wp-json\/wp\/v2\/users\/4"}],"replies":[{"embeddable":true,"href":"https:\/\/eldiariodesanpedro.com.ar\/sitio\/wp-json\/wp\/v2\/comments?post=34005"}],"version-history":[{"count":1,"href":"https:\/\/eldiariodesanpedro.com.ar\/sitio\/wp-json\/wp\/v2\/posts\/34005\/revisions"}],"predecessor-version":[{"id":34006,"href":"https:\/\/eldiariodesanpedro.com.ar\/sitio\/wp-json\/wp\/v2\/posts\/34005\/revisions\/34006"}],"wp:featuredmedia":[{"embeddable":true,"href":"https:\/\/eldiariodesanpedro.com.ar\/sitio\/wp-json\/wp\/v2\/media\/34007"}],"wp:attachment":[{"href":"https:\/\/eldiariodesanpedro.com.ar\/sitio\/wp-json\/wp\/v2\/media?parent=34005"}],"wp:term":[{"taxonomy":"category","embeddable":true,"href":"https:\/\/eldiariodesanpedro.com.ar\/sitio\/wp-json\/wp\/v2\/categories?post=34005"},{"taxonomy":"post_tag","embeddable":true,"href":"https:\/\/eldiariodesanpedro.com.ar\/sitio\/wp-json\/wp\/v2\/tags?post=34005"}],"curies":[{"name":"wp","href":"https:\/\/api.w.org\/{rel}","templated":true}]}}