{"id":33999,"date":"2018-05-31T21:18:55","date_gmt":"2018-06-01T00:18:55","guid":{"rendered":"https:\/\/eldiariodesanpedro.com.ar\/sitio\/?p=33999"},"modified":"2026-01-24T00:13:31","modified_gmt":"2026-01-24T03:13:31","slug":"bochas-se-disputo-en-san-pedro-un-torneo-selectivo-de-tercetos-caballeros-de-2da-categoria","status":"publish","type":"post","link":"https:\/\/eldiariodesanpedro.com.ar\/sitio\/bochas-se-disputo-en-san-pedro-un-torneo-selectivo-de-tercetos-caballeros-de-2da-categoria\/","title":{"rendered":"BOCHAS: Se disput\u00f3 en San Pedro un Torneo Selectivo de Tercetos Caballeros de 2da.Categor\u00eda"},"content":{"rendered":"<p><!-- VideographyWP Plugin Message: Automatic video embedding prevented by plugin options. --><br \/>\n  El pasado fin de semana se disput\u00f3 en San Pedro, un Torneo Selectivo de Tercetos Caballeros de 2da.Categor\u00eda, para definir el representante de la Asociaci\u00f3n de Bochas San Pedro, en el pr\u00f3ximo zonal que se jugara en la ciudad de Pergamino, el d\u00eda 10 de junio de 2018.<\/p>\n<p>  En esta oportunidad participaron 13 tercetos, con el debut de la participaci\u00f3n del Club de Bochas de la ciudad de Arrecifes, reciente instituci\u00f3n afiliada a la Asociaci\u00f3n de Bochas San Pedro, que junto al Club Defensores de Ramallo, engrandecen a la Asociaci\u00f3n.<\/p>\n<p>  El Torneo se diagram\u00f3 en cuatro zonas, una zona de cuatro equipos y tres zonas de tres equipos, clasificando a dos equipos por zonas y proseguir con el cuartos de final, semifinales y final, todos los partidos a 15 tantos.<br \/>\n  En la final se impuso UATRE a Club de Bochas de San Pedro \u00abB\u00bb y ser\u00e1 el digno representante de las bochas local en Pergamino.<\/p>\n<p><strong>Posiciones finales<\/strong><br \/>\n1\u00ba) UATRE San Pedro (Equipo: Pablo Pereyra, Daniel Maneiro y Agust\u00edn Ramos)<br \/>\n2\u00ba) Club de Bochas de San Pedro \u201cB\u201d (Mart\u00edn Gonz\u00e1lez, Alan Maneiro y Mario P\u00e9rez)<br \/>\n3\u00aa) Independencia F.C. \u201cB\u201d (Edgardo Zapata, Crespiens, Rodr\u00edguez y Curra)<\/p>\n","protected":false},"excerpt":{"rendered":"<p>El pasado fin de semana se disput\u00f3 en San Pedro, un Torneo Selectivo de Tercetos Caballeros de 2da.Categor\u00eda, para definir el representante de la Asociaci\u00f3n de Bochas San Pedro, en el pr\u00f3ximo zonal que se jugara en la ciudad de Pergamino, el d\u00eda 10 de junio de 2018. En esta oportunidad participaron 13 tercetos, con [&hellip;]<\/p>\n","protected":false},"author":4,"featured_media":14790,"comment_status":"open","ping_status":"closed","sticky":false,"template":"","format":"standard","meta":{"om_disable_all_campaigns":false,"_jetpack_memberships_contains_paid_content":false,"footnotes":""},"categories":[5],"tags":[],"class_list":["post-33999","post","type-post","status-publish","format-standard","has-post-thumbnail","hentry","category-deportes"],"aioseo_notices":[],"gutentor_comment":0,"jetpack_featured_media_url":"https:\/\/eldiariodesanpedro.com.ar\/sitio\/wp-content\/uploads\/2017\/02\/bochas.jpg","jetpack_shortlink":"https:\/\/wp.me\/p6RhLt-8Qn","jetpack_sharing_enabled":true,"_links":{"self":[{"href":"https:\/\/eldiariodesanpedro.com.ar\/sitio\/wp-json\/wp\/v2\/posts\/33999","targetHints":{"allow":["GET"]}}],"collection":[{"href":"https:\/\/eldiariodesanpedro.com.ar\/sitio\/wp-json\/wp\/v2\/posts"}],"about":[{"href":"https:\/\/eldiariodesanpedro.com.ar\/sitio\/wp-json\/wp\/v2\/types\/post"}],"author":[{"embeddable":true,"href":"https:\/\/eldiariodesanpedro.com.ar\/sitio\/wp-json\/wp\/v2\/users\/4"}],"replies":[{"embeddable":true,"href":"https:\/\/eldiariodesanpedro.com.ar\/sitio\/wp-json\/wp\/v2\/comments?post=33999"}],"version-history":[{"count":1,"href":"https:\/\/eldiariodesanpedro.com.ar\/sitio\/wp-json\/wp\/v2\/posts\/33999\/revisions"}],"predecessor-version":[{"id":34001,"href":"https:\/\/eldiariodesanpedro.com.ar\/sitio\/wp-json\/wp\/v2\/posts\/33999\/revisions\/34001"}],"wp:featuredmedia":[{"embeddable":true,"href":"https:\/\/eldiariodesanpedro.com.ar\/sitio\/wp-json\/wp\/v2\/media\/14790"}],"wp:attachment":[{"href":"https:\/\/eldiariodesanpedro.com.ar\/sitio\/wp-json\/wp\/v2\/media?parent=33999"}],"wp:term":[{"taxonomy":"category","embeddable":true,"href":"https:\/\/eldiariodesanpedro.com.ar\/sitio\/wp-json\/wp\/v2\/categories?post=33999"},{"taxonomy":"post_tag","embeddable":true,"href":"https:\/\/eldiariodesanpedro.com.ar\/sitio\/wp-json\/wp\/v2\/tags?post=33999"}],"curies":[{"name":"wp","href":"https:\/\/api.w.org\/{rel}","templated":true}]}}