{"id":33996,"date":"2018-05-31T21:03:57","date_gmt":"2018-06-01T00:03:57","guid":{"rendered":"https:\/\/eldiariodesanpedro.com.ar\/sitio\/?p=33996"},"modified":"2026-01-24T00:13:32","modified_gmt":"2026-01-24T03:13:32","slug":"automovilismo-el-equipo-sampedrino-fue-protagonista-en-el-rally-de-rojas-morro-iglesias-en-el-tcm","status":"publish","type":"post","link":"https:\/\/eldiariodesanpedro.com.ar\/sitio\/automovilismo-el-equipo-sampedrino-fue-protagonista-en-el-rally-de-rojas-morro-iglesias-en-el-tcm\/","title":{"rendered":"AUTOMOVILISMO: El equipo sampedrino fue protagonista en el Rally de Rojas. \u201cMorro\u201d Iglesias en el TCM"},"content":{"rendered":"<p><!-- VideographyWP Plugin Message: Automatic video embedding prevented by plugin options. --><br \/>\n  Rojas demostr\u00f3 una vez m\u00e1s que es un cl\u00e1sico dentro del Rally Federal. El p\u00fablico concurri\u00f3 en gran masa a las pruebas especiales de Guido Spano y Roberto Cano, esta \u00faltima fue colmada a lo largo de los 20km que ten\u00eda el sector cronometrado.<br \/>\n  La dureza de los caminos fue motivo para postular a Rojas a una de las carreras m\u00e1s dif\u00edcil del a\u00f1o, solo el 55 % de los que largaron pudieron ver el parque cerrado final.<br \/>\n  Solmi, la familia de nuestra ciudad y como es costumbre tambi\u00e9n es un cl\u00e1sico dentro del Rally Federal. En esta competencia estuvieron con los dos autos, el de V\u00edctor Manuel en la N7 y \u201cViti\u201d Solmi en la N3.<br \/>\n  Comenzando de menor a mayor y pensando en cuidar el auto, V\u00edctor Manuel junto a Cristian Luconi hicieron una excelente labor. Desde lo an\u00edmico el binomio no estaba pasando por su mejor momento debido a los problemas mec\u00e1nicos que ven\u00edan acarreando desde hace varias competencias. Rojas fue la carrera que les cort\u00f3 la racha de roturas y pudieron concluir la competencia en un destacado cuarto puesto sobre los 16 autos que hab\u00edan largado.<br \/>\n  Este resultado les vuelve a dar un gran golpe an\u00edmico y ya pensar con muchas ganas en la pr\u00f3xima carrera y en seguir evolucionando con el auto.<br \/>\n  En la N3, \u201cViti\u201d junto a su hija Nerea hicieron otra formidable carrera, tras los 120 kil\u00f3metros cronometrados se alzaron con el segundo escal\u00f3n del podio logrando de esta manera el segundo podio consecutivo, adem\u00e1s de sumar una cantidad importante de puntos con el campeonato.<br \/>\n  La pr\u00f3xima fecha del Campeonato Argentino de Rally Federal ser\u00e1 los d\u00edas 30, 31 de junio y 1 de Julio en la localidad de Campana.<\/p>\n<p><strong>TC PISTA MOURAS<\/strong><br \/>\n  Finales atractivas se vivieron este fin de semana en el aut\u00f3dromo de Toay. El TC Mouras brind\u00f3 un espect\u00e1culo atrapante con Nefa como protagonista, logrando as\u00ed su segundo triunfo en la temporada.<br \/>\n  Lucas Panarotti, que hab\u00eda conseguido la serie m\u00e1s r\u00e1pida del s\u00e1bado, ten\u00eda la cuerda en la largada. A su lado, Mario Valle. Pero apenas en el segundo giro, Luciano Cotignola, ubicado tercero en la grilla, sobrepas\u00f3 al piloto del UR Racing y fue en b\u00fasqueda de Panarotti. Tal fue as\u00ed que ambos sufrieron un toque y perdieron sus respectivos puestos, en la quinta vuelta.<\/p>\n<p>  Luego de lo sucedido, Nefa se alz\u00f3 como l\u00edder de la final. Nadie pudo superarlo. En la novena vuelta ingres\u00f3 el auto de seguridad, debido al abandono de Maximiliano Vivot. Sin embargo, el piloto del Dole Racing mantuvo su posici\u00f3n. Y Mario Valle, ubicado segundo, intent\u00f3 constantemente ganarle el puesto, pero no lo logr\u00f3.<br \/>\n  \u00abMorro\u00bb Iglesias particip\u00f3 de la misma y lo hizo con muchas expectativas, pero luego de un comienzo alentador, un despiste lo hizo retrasar. Tambi\u00e9n lo hizo en la carrera de invitados, donde en su cuenta de Facebook escribi\u00f3:<br \/>\n  \u00abGracias por confiar en mi @argentinopablo, pasamos un gran fin de semana. Felicitaciones por tu primera victoria y P 3 en mi final de invitados, est\u00e1bamos para m\u00e1s, pero se nos hizo corta la carrera que fue muy entretenida\u00bb.<br \/>\n  La pr\u00f3xima es este fin de semana en La Plata, TC Mouras y TC Pista Mouras, en el aut\u00f3dromo Roberto Mouras. All\u00ed estar\u00e1n presentes \u00abMorro\u00bb y Junior Solmi.<\/p>\n","protected":false},"excerpt":{"rendered":"<p>Rojas demostr\u00f3 una vez m\u00e1s que es un cl\u00e1sico dentro del Rally Federal. El p\u00fablico concurri\u00f3 en gran masa a las pruebas especiales de Guido Spano y Roberto Cano, esta \u00faltima fue colmada a lo largo de los 20km que ten\u00eda el sector cronometrado. La dureza de los caminos fue motivo para postular a Rojas [&hellip;]<\/p>\n","protected":false},"author":4,"featured_media":33997,"comment_status":"open","ping_status":"closed","sticky":false,"template":"","format":"standard","meta":{"om_disable_all_campaigns":false,"_jetpack_memberships_contains_paid_content":false,"footnotes":""},"categories":[5],"tags":[],"class_list":["post-33996","post","type-post","status-publish","format-standard","has-post-thumbnail","hentry","category-deportes"],"aioseo_notices":[],"gutentor_comment":0,"jetpack_featured_media_url":"https:\/\/eldiariodesanpedro.com.ar\/sitio\/wp-content\/uploads\/2018\/05\/La-maquina-de-los-Solmi-dio-espect\u00e1culo-en-Rojas.jpg","jetpack_shortlink":"https:\/\/wp.me\/p6RhLt-8Qk","jetpack_sharing_enabled":true,"_links":{"self":[{"href":"https:\/\/eldiariodesanpedro.com.ar\/sitio\/wp-json\/wp\/v2\/posts\/33996","targetHints":{"allow":["GET"]}}],"collection":[{"href":"https:\/\/eldiariodesanpedro.com.ar\/sitio\/wp-json\/wp\/v2\/posts"}],"about":[{"href":"https:\/\/eldiariodesanpedro.com.ar\/sitio\/wp-json\/wp\/v2\/types\/post"}],"author":[{"embeddable":true,"href":"https:\/\/eldiariodesanpedro.com.ar\/sitio\/wp-json\/wp\/v2\/users\/4"}],"replies":[{"embeddable":true,"href":"https:\/\/eldiariodesanpedro.com.ar\/sitio\/wp-json\/wp\/v2\/comments?post=33996"}],"version-history":[{"count":1,"href":"https:\/\/eldiariodesanpedro.com.ar\/sitio\/wp-json\/wp\/v2\/posts\/33996\/revisions"}],"predecessor-version":[{"id":33998,"href":"https:\/\/eldiariodesanpedro.com.ar\/sitio\/wp-json\/wp\/v2\/posts\/33996\/revisions\/33998"}],"wp:featuredmedia":[{"embeddable":true,"href":"https:\/\/eldiariodesanpedro.com.ar\/sitio\/wp-json\/wp\/v2\/media\/33997"}],"wp:attachment":[{"href":"https:\/\/eldiariodesanpedro.com.ar\/sitio\/wp-json\/wp\/v2\/media?parent=33996"}],"wp:term":[{"taxonomy":"category","embeddable":true,"href":"https:\/\/eldiariodesanpedro.com.ar\/sitio\/wp-json\/wp\/v2\/categories?post=33996"},{"taxonomy":"post_tag","embeddable":true,"href":"https:\/\/eldiariodesanpedro.com.ar\/sitio\/wp-json\/wp\/v2\/tags?post=33996"}],"curies":[{"name":"wp","href":"https:\/\/api.w.org\/{rel}","templated":true}]}}